{"id":96804,"date":"2025-12-04T09:28:18","date_gmt":"2025-12-04T09:28:18","guid":{"rendered":"https:\/\/www.europesays.com\/se\/96804\/"},"modified":"2025-12-04T09:28:18","modified_gmt":"2025-12-04T09:28:18","slug":"dorren-till-sangkammaren-stangd-for-mp","status":"publish","type":"post","link":"https:\/\/www.europesays.com\/se\/96804\/","title":{"rendered":"D\u00f6rren till s\u00e4ngkammaren st\u00e4ngd f\u00f6r MP"},"content":{"rendered":"<p>Stockholms moderata oppositionsregionr\u00e5d st\u00e4nger d\u00f6rren till ett nytt samarbete med Milj\u00f6partiet efter valet. I en intervju med Expressen s\u00e4ger han att MP \u201dblivit mer av ett ideologiskt extremistparti\u201d som inte ser till m\u00e4nniskors b\u00e4sta.<\/p>\n<p>\u2013 D\u00f6rren till s\u00e4ngkammaren \u00e4r st\u00e4ngd f\u00f6r Milj\u00f6partiet, s\u00e4ger Tamsons. <\/p>\n<p>Han \u00e4r ocks\u00e5 skeptisk till lokala samarbeten med S men h\u00e5ller d\u00f6rren p\u00e5 gl\u00e4nt f\u00f6r att samarbeta med SD. <\/p>\n<p>Omni \u00e4r politiskt obundna och oberoende. Vi str\u00e4var efter att ge fler perspektiv p\u00e5 nyheterna. Har du fr\u00e5gor eller synpunkter kring v\u00e5r rapportering? <a href=\"https:\/\/omni.se\/tamsons-m-dorren-till-sangkammaren-stangd-for-mp\/a\/mailto:redaktion@omni.se\" class=\"ArticleActions_contactLink__W2F1M\" rel=\"nofollow noopener\" target=\"_blank\">Kontakta redaktionen<\/a><\/p>\n","protected":false},"excerpt":{"rendered":"Stockholms moderata oppositionsregionr\u00e5d st\u00e4nger d\u00f6rren till ett nytt samarbete med Milj\u00f6partiet efter valet. I en intervju med Expressen&hellip;\n","protected":false},"author":2,"featured_media":96805,"comment_status":"","ping_status":"","sticky":false,"template":"","format":"standard","meta":{"footnotes":""},"categories":[12],"tags":[22,23,26,27,17,21,6634,24,25,28,29,1234,551,15,16,369,18,34,1557,258,127,31,33,617,32,30,19,20,3416],"class_list":{"0":"post-96804","1":"post","2":"type-post","3":"status-publish","4":"format-standard","5":"has-post-thumbnail","7":"category-sverige","8":"tag-breaking-news","9":"tag-breakingnews","10":"tag-featured-news","11":"tag-featurednews","12":"tag-headlines","13":"tag-huvudnyheter","14":"tag-kristoffer-tamsons","15":"tag-latest-news","16":"tag-latestnews","17":"tag-main-news","18":"tag-mainnews","19":"tag-miljopartiet","20":"tag-moderaterna","21":"tag-news","22":"tag-nyheter","23":"tag-politik","24":"tag-rubriker","25":"tag-se","26":"tag-socialdemokraterna","27":"tag-stockholm","28":"tag-stockholms-lan","29":"tag-svenska","30":"tag-sverige","31":"tag-sverigedemokraterna","32":"tag-sweden","33":"tag-swedish","34":"tag-top-stories","35":"tag-topstories","36":"tag-valet-2026"},"share_on_mastodon":{"url":"https:\/\/pubeurope.com\/@se\/115660593876812490","error":""},"_links":{"self":[{"href":"https:\/\/www.europesays.com\/se\/wp-json\/wp\/v2\/posts\/96804","targetHints":{"allow":["GET"]}}],"collection":[{"href":"https:\/\/www.europesays.com\/se\/wp-json\/wp\/v2\/posts"}],"about":[{"href":"https:\/\/www.europesays.com\/se\/wp-json\/wp\/v2\/types\/post"}],"author":[{"embeddable":true,"href":"https:\/\/www.europesays.com\/se\/wp-json\/wp\/v2\/users\/2"}],"replies":[{"embeddable":true,"href":"https:\/\/www.europesays.com\/se\/wp-json\/wp\/v2\/comments?post=96804"}],"version-history":[{"count":0,"href":"https:\/\/www.europesays.com\/se\/wp-json\/wp\/v2\/posts\/96804\/revisions"}],"wp:featuredmedia":[{"embeddable":true,"href":"https:\/\/www.europesays.com\/se\/wp-json\/wp\/v2\/media\/96805"}],"wp:attachment":[{"href":"https:\/\/www.europesays.com\/se\/wp-json\/wp\/v2\/media?parent=96804"}],"wp:term":[{"taxonomy":"category","embeddable":true,"href":"https:\/\/www.europesays.com\/se\/wp-json\/wp\/v2\/categories?post=96804"},{"taxonomy":"post_tag","embeddable":true,"href":"https:\/\/www.europesays.com\/se\/wp-json\/wp\/v2\/tags?post=96804"}],"curies":[{"name":"wp","href":"https:\/\/api.w.org\/{rel}","templated":true}]}}