{"id":96904,"date":"2025-12-04T11:03:28","date_gmt":"2025-12-04T11:03:28","guid":{"rendered":"https:\/\/www.europesays.com\/se\/96904\/"},"modified":"2025-12-04T11:03:28","modified_gmt":"2025-12-04T11:03:28","slug":"vansterpartiet-ku-anmaler-ebba-busch-om-elnatsavgifterna","status":"publish","type":"post","link":"https:\/\/www.europesays.com\/se\/96904\/","title":{"rendered":"V\u00e4nsterpartiet KU-anm\u00e4ler Ebba Busch om eln\u00e4tsavgifterna"},"content":{"rendered":"<p>Publicerad 4 dec 2025 kl 10.50Uppdaterad kl 11.13<\/p>\n<p>Eln\u00e4tsavgifterna h\u00f6js kraftigt.<\/p>\n<p>Nu KU-anm\u00e4ls energiminister Ebba Busch (KD) av V\u00e4nsterpartiet.<\/p>\n<p>\u2013 En regering ska st\u00e5 p\u00e5 folkets sida, s\u00e4ger Birger Lahti (V).<\/p>\n<p><img   alt=\"\"\/><\/p>\n<p>Energiminister Ebba Busch (KD).<\/p>\n<p>Foto: FREDRIK WENNERLUND \/ STELLA PICTURES<\/p>\n<p>\u00d6ppna bild i helsk\u00e4rm<img loading=\"lazy\"   alt=\"\"\/><\/p>\n<p>V\u00e4nsterpartiets energipolitiska talesperson Birger Lahti.<\/p>\n<p>Foto: JONAS EKSTR\u00d6MER \/ TT NYHETSBYR\u00c5N<\/p>\n<p>\u00d6ppna bild i helsk\u00e4rm<\/p>\n<p>Nyligen kom beskedet att Vattenfall och Ellevio kraftigt h\u00f6jer eln\u00e4tsavgifterna, den avgift som elkunderna inte kan v\u00e4lja bort.<\/p>\n<p>Enligt elj\u00e4ttarna handlar det om att de beh\u00f6ver g\u00f6ra stora investeringar i eln\u00e4tet, n\u00e5got ocks\u00e5 energiminister <a href=\"https:\/\/www.expressen.se\/tagg\/person\/ebba-busch\/\" class=\"\" rel=\"nofollow noopener\" target=\"_blank\">Ebba Busch<\/a> (KD) h\u00e4nvisade till i en kommentar.<\/p>\n<p><a href=\"https:\/\/www.expressen.se\/ekonomi\/privatekonomi\/harda-kritiken-efter-eljattarnas-prishojning\/\" rel=\"nofollow noopener\" target=\"_blank\">Till Expressen sa hon<\/a> att eln\u00e4tet \u201dkr\u00e4ver omfattande investeringar\u201d p\u00e5 grund av en tidigare underh\u00e5llsskuld.<\/p>\n<p>Men h\u00f6jningen har m\u00f6tts av h\u00e5rd kritik.<\/p>\n<p>Till exempel har Energimarknadsinspektionen sagt att det inte \u00e4r till\u00e5tet att h\u00f6ja avgifterna nu f\u00f6r investeringar som \u00e4nnu inte gjorts. Dessutom har avgifterna redan h\u00f6jts oproportionerligt mycket, enligt myndigheten.<\/p>\n<p>V: \u00c4r ett svepsk\u00e4l<\/p>\n<p>Nu anm\u00e4ler V\u00e4nsterpartiet Ebba Busch till konstitutionsutskottet, KU.<\/p>\n<p>\u2013 Det \u00e4r tydligt att Ebba Busch hellre h\u00e5ller eln\u00e4tsbolagen, som skinnar elkonsumenterna, om ryggen \u00e4n att st\u00e5 p\u00e5 m\u00e4nniskors sida, s\u00e4ger Birger Lahti, energipolitisk talesperson f\u00f6r V.<\/p>\n<p>Investeringarna \u00e4r bara ett svepsk\u00e4l f\u00f6r att kunna ta ut h\u00f6gre vinster, menar han.<\/p>\n<p>\u2013 Eln\u00e4tsbolagen g\u00f6r stora \u00f6vervinster p\u00e5 familjernas och sm\u00e5f\u00f6retagens bekostnad. Vi vill beskatta \u00f6vervinsterna och inf\u00f6ra en m\u00f6jlighet till f\u00f6rk\u00f6psr\u00e4tt p\u00e5 eln\u00e4t f\u00f6r det offentliga, s\u00e4ger Birger Lahti.<\/p>\n<p>Busch: Kommer st\u00e4lla krav<\/p>\n<p>P\u00e5 torsdagen \u00e4r b\u00e5de Vattenfalls vd och Ebba Busch <a href=\"https:\/\/www.expressen.se\/ekonomi\/privatekonomi\/harda-kritiken-efter-eljattarnas-prishojning\" rel=\"nofollow noopener\" target=\"_blank\">kallade till n\u00e4ringsutskottet<\/a>. D\u00e5 kommer Busch st\u00e4lla krav p\u00e5 bolaget. Pris\u00f6kningarna m\u00e5ste g\u00e5 att motivera och f\u00f6rklaringarna h\u00e5ller inte, s\u00e4ger hon till <a href=\"https:\/\/www.tv4.se\/artikel\/ZJaDnzPvktN242fH9LvYP\/ebba-busch-rasar-oever-de-chockhoejda-elnaetspriserna-foerbannad\" rel=\"nofollow noopener\" target=\"_blank\">TV4<\/a>.<\/p>\n<p>Sj\u00e4lv har Busch uppr\u00f6rts av prish\u00f6jningen.<\/p>\n<p>\u2013 Jag blev ganska uppr\u00f6rd \u00f6ver detta. R\u00e4ttare sagt f\u00f6rbannad, s\u00e4ger hon till kanalen.<\/p>\n","protected":false},"excerpt":{"rendered":"Publicerad 4 dec 2025 kl 10.50Uppdaterad kl 11.13 Eln\u00e4tsavgifterna h\u00f6js kraftigt. Nu KU-anm\u00e4ls energiminister Ebba Busch (KD) av&hellip;\n","protected":false},"author":2,"featured_media":96905,"comment_status":"","ping_status":"","sticky":false,"template":"","format":"standard","meta":{"footnotes":""},"categories":[65],"tags":[72,70,71,2177,9124,874,34,583,31,33,32,30,1396,1394],"class_list":{"0":"post-96904","1":"post","2":"type-post","3":"status-publish","4":"format-standard","5":"has-post-thumbnail","7":"category-ekonomi","8":"tag-business","9":"tag-economy","10":"tag-ekonomi","11":"tag-organization-vansterpartiet","12":"tag-organization-vattenfall","13":"tag-person-ebba-busch","14":"tag-se","15":"tag-sections-politik","16":"tag-svenska","17":"tag-sverige","18":"tag-sweden","19":"tag-swedish","20":"tag-topic-elmarknaden","21":"tag-topic-elpris"},"share_on_mastodon":{"url":"https:\/\/pubeurope.com\/@se\/115660967428666265","error":""},"_links":{"self":[{"href":"https:\/\/www.europesays.com\/se\/wp-json\/wp\/v2\/posts\/96904","targetHints":{"allow":["GET"]}}],"collection":[{"href":"https:\/\/www.europesays.com\/se\/wp-json\/wp\/v2\/posts"}],"about":[{"href":"https:\/\/www.europesays.com\/se\/wp-json\/wp\/v2\/types\/post"}],"author":[{"embeddable":true,"href":"https:\/\/www.europesays.com\/se\/wp-json\/wp\/v2\/users\/2"}],"replies":[{"embeddable":true,"href":"https:\/\/www.europesays.com\/se\/wp-json\/wp\/v2\/comments?post=96904"}],"version-history":[{"count":0,"href":"https:\/\/www.europesays.com\/se\/wp-json\/wp\/v2\/posts\/96904\/revisions"}],"wp:featuredmedia":[{"embeddable":true,"href":"https:\/\/www.europesays.com\/se\/wp-json\/wp\/v2\/media\/96905"}],"wp:attachment":[{"href":"https:\/\/www.europesays.com\/se\/wp-json\/wp\/v2\/media?parent=96904"}],"wp:term":[{"taxonomy":"category","embeddable":true,"href":"https:\/\/www.europesays.com\/se\/wp-json\/wp\/v2\/categories?post=96904"},{"taxonomy":"post_tag","embeddable":true,"href":"https:\/\/www.europesays.com\/se\/wp-json\/wp\/v2\/tags?post=96904"}],"curies":[{"name":"wp","href":"https:\/\/api.w.org\/{rel}","templated":true}]}}