{"id":96914,"date":"2025-12-04T11:09:12","date_gmt":"2025-12-04T11:09:12","guid":{"rendered":"https:\/\/www.europesays.com\/se\/96914\/"},"modified":"2025-12-04T11:09:12","modified_gmt":"2025-12-04T11:09:12","slug":"sjukdomen-stoppar-henrik-lundqvist-svart-hockey","status":"publish","type":"post","link":"https:\/\/www.europesays.com\/se\/96914\/","title":{"rendered":"Sjukdomen stoppar Henrik Lundqvist: \u201dSv\u00e5rt\u201d | Hockey"},"content":{"rendered":"<p>Publicerad 4 dec 2025 kl 10.42Uppdaterad kl 10.50<\/p>\n<p>Henrik Lundqvist, 43, tvingas anpassa sitt liv efter hj\u00e4rtsjukdomen.<\/p>\n<p>En sak kan han fortfarande inte g\u00f6ra.<\/p>\n<p>\u2013 Jag f\u00f6rs\u00f6ker h\u00e5lla mig ifr\u00e5n det, s\u00e4ger ikonen <a href=\"https:\/\/www.svtplay.se\/video\/edPymQ1\/svt-moter-henrik-lundqvist\" rel=\"nofollow noopener\" target=\"_blank\">till SVT Sport<\/a>.<\/p>\n<p><img   alt=\"\"\/> <\/p>\n<p>Foto: Claudio Bresciani\/TT \/ TT NYHETSBYR\u00c5N<\/p>\n<p>\u00d6ppna bild i helsk\u00e4rm<\/p>\n<p>2021 avslutade <a href=\"https:\/\/www.expressen.se\/tagg\/person\/henrik-lundqvist\/\" class=\"\" rel=\"nofollow noopener\" target=\"_blank\">Henrik Lundqvist<\/a> sin hockeykarri\u00e4r tidigare \u00e4n planerat. Anledningen var uppt\u00e4ckten av ett medf\u00f6tt hj\u00e4rtfel som kr\u00e4vde en omfattande operation.<\/p>\n<p>Fyra \u00e5r senare s\u00e4ger Lundqvist nu att han \u201dm\u00e5r bra\u201d. Men sviterna av sjukdomen g\u00f6r sig fortfarande p\u00e5minda.<\/p>\n<p>\u2013 Jag har en inflammation runt hj\u00e4rtat, det kommer tillbaka tyv\u00e4rr. Man \u00e4r aldrig helt ur det. Det \u00e4r en stor f\u00f6r\u00e4ndring. \u00a0Jag har inte tr\u00e4nat en enda g\u00e5ng sen jag slutade utan att t\u00e4nka p\u00e5 hj\u00e4rtat. Man har vant sig att leva med det. N\u00e4r man har bakslag f\u00e5r man t\u00e4nka p\u00e5 att inte anstr\u00e4nga dig f\u00f6r mycket och lyssna p\u00e5 kroppen, s\u00e4ger han i en intervju med SVT Sport.<\/p>\n<p>Tillst\u00e5ndet g\u00f6r att det \u00e4n i dag finns en specifik aktivitet han inte kan \u00e4gna sig \u00e5t.<\/p>\n<p>\u2013 Tennis har inte varit bra f\u00f6r mig. Och jag \u00e4r ju ett stort tennisfan. Det har varit ett litet dilemma ett par g\u00e5nger n\u00e4r jag k\u00f6rt s\u00e5 har det gett mig bakslag. S\u00e5 det f\u00f6rs\u00f6ker jag h\u00e5lla mig ifr\u00e5n. P\u00e5 sikt hoppas jag kunna ta upp tennisen igen.<\/p>\n<p>Sorgen: \u201dEtt j\u00e4ttetomrum\u201d<\/p>\n<p>Sedan spelarkarri\u00e4ren har Henrik Lundqvist byggt en ny karri\u00e4r som tv-expert i USA, d\u00e4r han syns flitigt i tv-s\u00e4ndningarna runt matcher i NHL. I februari dyker Lundqvist upp som expert f\u00f6r b\u00e5de TV4 och SVT p\u00e5 vinter-OS i Milano.\u00a0<\/p>\n<p>Trots att han fortfarande har en n\u00e4rhet till sporten s\u00e4ger han i intervjun att omst\u00e4llningen inte varit helt enkel att hantera.<\/p>\n<p>\u2013\u00a0Det \u00e4r din identitet som g\u00e5r i graven. Du har brunnit f\u00f6r det h\u00e4r sen du var 6-7 \u00e5r, sen \u00e4r det helt borta. Det \u00e4r ett j\u00e4ttetomrum.\u00a0Det \u00e4r en sorg att hantera, lite l\u00e4skigt men ocks\u00e5 sp\u00e4nnande att se vad som kommer h\u00e4rn\u00e4st.<\/p>\n<p><strong>L\u00c4S MER: <\/strong><a href=\"https:\/\/www.expressen.se\/sport\/hockey\/tre-kronor\/henrik-lundqvist-stoppas-av-svt-det-finns-regler\/\" class=\"\" rel=\"nofollow noopener\" target=\"_blank\">Henrik Lundqvist stoppas av SVT: \u201dDet finns regler\u201d<\/a><strong>L\u00c4S MER: <\/strong><a href=\"https:\/\/www.expressen.se\/sport\/langdskidor\/maja-dahlqvist-reagerar-pa-henrik-lundqvists-medaljtips-va\/\" class=\"\" rel=\"nofollow noopener\" target=\"_blank\">Maja Dahlqvist reagerar p\u00e5 Henrik Lundqvists medaljtips: \u201dVa?\u201d<\/a><\/p>\n","protected":false},"excerpt":{"rendered":"Publicerad 4 dec 2025 kl 10.42Uppdaterad kl 10.50 Henrik Lundqvist, 43, tvingas anpassa sitt liv efter hj\u00e4rtsjukdomen. En&hellip;\n","protected":false},"author":2,"featured_media":96915,"comment_status":"","ping_status":"","sticky":false,"template":"","format":"standard","meta":{"footnotes":""},"categories":[68],"tags":[1470,34,255,111,110,31,33,32,30],"class_list":{"0":"post-96914","1":"post","2":"type-post","3":"status-publish","4":"format-standard","5":"has-post-thumbnail","7":"category-sport","8":"tag-person-henrik-lundqvist","9":"tag-se","10":"tag-sections-ishockey","11":"tag-sport","12":"tag-sports","13":"tag-svenska","14":"tag-sverige","15":"tag-sweden","16":"tag-swedish"},"share_on_mastodon":{"url":"https:\/\/pubeurope.com\/@se\/115660991017788213","error":""},"_links":{"self":[{"href":"https:\/\/www.europesays.com\/se\/wp-json\/wp\/v2\/posts\/96914","targetHints":{"allow":["GET"]}}],"collection":[{"href":"https:\/\/www.europesays.com\/se\/wp-json\/wp\/v2\/posts"}],"about":[{"href":"https:\/\/www.europesays.com\/se\/wp-json\/wp\/v2\/types\/post"}],"author":[{"embeddable":true,"href":"https:\/\/www.europesays.com\/se\/wp-json\/wp\/v2\/users\/2"}],"replies":[{"embeddable":true,"href":"https:\/\/www.europesays.com\/se\/wp-json\/wp\/v2\/comments?post=96914"}],"version-history":[{"count":0,"href":"https:\/\/www.europesays.com\/se\/wp-json\/wp\/v2\/posts\/96914\/revisions"}],"wp:featuredmedia":[{"embeddable":true,"href":"https:\/\/www.europesays.com\/se\/wp-json\/wp\/v2\/media\/96915"}],"wp:attachment":[{"href":"https:\/\/www.europesays.com\/se\/wp-json\/wp\/v2\/media?parent=96914"}],"wp:term":[{"taxonomy":"category","embeddable":true,"href":"https:\/\/www.europesays.com\/se\/wp-json\/wp\/v2\/categories?post=96914"},{"taxonomy":"post_tag","embeddable":true,"href":"https:\/\/www.europesays.com\/se\/wp-json\/wp\/v2\/tags?post=96914"}],"curies":[{"name":"wp","href":"https:\/\/api.w.org\/{rel}","templated":true}]}}