{"id":96942,"date":"2025-12-04T11:37:08","date_gmt":"2025-12-04T11:37:08","guid":{"rendered":"https:\/\/www.europesays.com\/se\/96942\/"},"modified":"2025-12-04T11:37:08","modified_gmt":"2025-12-04T11:37:08","slug":"jula-aterkallar-fallkil-risk-for-skada","status":"publish","type":"post","link":"https:\/\/www.europesays.com\/se\/96942\/","title":{"rendered":"Jula \u00e5terkallar f\u00e4llkil \u2013 risk f\u00f6r skada"},"content":{"rendered":"<p class=\"mb-4 mx-auto max-w-xl\"><strong>Butiken Jula \u00e5terkallar f\u00e4llkilar i plast eftersom de riskerar att g\u00e5 s\u00f6nder vid anv\u00e4ndning och kan orsaka skada. <\/strong><\/p>\n<p class=\"break-words mb-4 mx-auto max-w-xl\">F\u00e4llkilar anv\u00e4nds vid tr\u00e4df\u00e4llning f\u00f6r att styra tr\u00e4dets fallriktning. <\/p>\n<p class=\"break-words mb-4 mx-auto max-w-xl\">F\u00e4llkilarna av m\u00e4rket &#8221;Meec Tool&#8221; \u00e5terkallas eftersom de har bristande h\u00e5llfasthet och kan g\u00e5 s\u00f6nder i samband med att de sl\u00e5s i stammen. Det kan leda till att tr\u00e4det faller i en annan riktning.<\/p>\n<p class=\"break-words mb-4 mx-auto max-w-xl\">De \u00e5terkallade f\u00e4llkilarna \u00e4r 14 respektive 20 cm l\u00e5nga och har artikelnummer 011540 respektive 011542.  Jula s\u00e5lde produkterna under perioden 2020- januari 2025, <a href=\"https:\/\/www.konsumentverket.se\/aterkallelse\/jula-aterkallar-fallkil-risk-for-personskada-vid-tradfallning\/\" target=\"_blank\" title=\"skriver Konsumentverket.\" rel=\"nofollow noopener\">skriver Konsumentverket.<\/a><\/p>\n<p class=\"break-words mb-4 mx-auto max-w-xl\">Konsumenter uppmanas att omg\u00e5ende sluta anv\u00e4nda dessa f\u00e4llkillar och l\u00e4mna tillbaka dem f\u00f6r \u00e5terbetalning.<\/p>\n","protected":false},"excerpt":{"rendered":"Butiken Jula \u00e5terkallar f\u00e4llkilar i plast eftersom de riskerar att g\u00e5 s\u00f6nder vid anv\u00e4ndning och kan orsaka skada.&hellip;\n","protected":false},"author":2,"featured_media":96943,"comment_status":"","ping_status":"","sticky":false,"template":"","format":"standard","meta":{"footnotes":""},"categories":[14],"tags":[22,23,26,27,17,21,24,25,28,29,15,16,18,34,31,33,32,30,19,20,51,52,53,54],"class_list":{"0":"post-96942","1":"post","2":"type-post","3":"status-publish","4":"format-standard","5":"has-post-thumbnail","7":"category-varlden","8":"tag-breaking-news","9":"tag-breakingnews","10":"tag-featured-news","11":"tag-featurednews","12":"tag-headlines","13":"tag-huvudnyheter","14":"tag-latest-news","15":"tag-latestnews","16":"tag-main-news","17":"tag-mainnews","18":"tag-news","19":"tag-nyheter","20":"tag-rubriker","21":"tag-se","22":"tag-svenska","23":"tag-sverige","24":"tag-sweden","25":"tag-swedish","26":"tag-top-stories","27":"tag-topstories","28":"tag-varlden","29":"tag-world","30":"tag-world-news","31":"tag-worldnews"},"share_on_mastodon":{"url":"https:\/\/pubeurope.com\/@se\/115661101147078436","error":""},"_links":{"self":[{"href":"https:\/\/www.europesays.com\/se\/wp-json\/wp\/v2\/posts\/96942","targetHints":{"allow":["GET"]}}],"collection":[{"href":"https:\/\/www.europesays.com\/se\/wp-json\/wp\/v2\/posts"}],"about":[{"href":"https:\/\/www.europesays.com\/se\/wp-json\/wp\/v2\/types\/post"}],"author":[{"embeddable":true,"href":"https:\/\/www.europesays.com\/se\/wp-json\/wp\/v2\/users\/2"}],"replies":[{"embeddable":true,"href":"https:\/\/www.europesays.com\/se\/wp-json\/wp\/v2\/comments?post=96942"}],"version-history":[{"count":0,"href":"https:\/\/www.europesays.com\/se\/wp-json\/wp\/v2\/posts\/96942\/revisions"}],"wp:featuredmedia":[{"embeddable":true,"href":"https:\/\/www.europesays.com\/se\/wp-json\/wp\/v2\/media\/96943"}],"wp:attachment":[{"href":"https:\/\/www.europesays.com\/se\/wp-json\/wp\/v2\/media?parent=96942"}],"wp:term":[{"taxonomy":"category","embeddable":true,"href":"https:\/\/www.europesays.com\/se\/wp-json\/wp\/v2\/categories?post=96942"},{"taxonomy":"post_tag","embeddable":true,"href":"https:\/\/www.europesays.com\/se\/wp-json\/wp\/v2\/tags?post=96942"}],"curies":[{"name":"wp","href":"https:\/\/api.w.org\/{rel}","templated":true}]}}