{"id":96946,"date":"2025-12-04T11:39:15","date_gmt":"2025-12-04T11:39:15","guid":{"rendered":"https:\/\/www.europesays.com\/se\/96946\/"},"modified":"2025-12-04T11:39:15","modified_gmt":"2025-12-04T11:39:15","slug":"nyt-stammer-pentagon-i-protest-mot-ny-presspolicy","status":"publish","type":"post","link":"https:\/\/www.europesays.com\/se\/96946\/","title":{"rendered":"NYT st\u00e4mmer Pentagon i protest mot ny presspolicy"},"content":{"rendered":"<p>The New York Times st\u00e4mmer Pentagon p\u00e5 grund av f\u00f6rsvarsh\u00f6gkvarterets nya regler f\u00f6r journalister, rapporterar tidningen.<\/p>\n<p>Enligt st\u00e4mningsans\u00f6kan, som l\u00e4mnades in till en federal domstol i Washington p\u00e5 torsdagen, kr\u00e4nker de nya riktlinjerna journalisternas konstitutionella r\u00e4ttigheter.<\/p>\n<p>Tidningen vill att domstolen utf\u00e4rdar ett beslut som stoppar Pentagon fr\u00e5n att till\u00e4mpa presspolicyn.<\/p>\n<p>De nya reglerna inneb\u00e4r att journalisterna m\u00e5ste skriva under ett 21 sidor l\u00e5ngt dokument som begr\u00e4nsar deras arbetsmetoder, till exempel deras kontakter med k\u00e4llor. Enligt Pentagon handlar det om att f\u00f6rhindra l\u00e4ckor som skadar nationens s\u00e4kerhet. <\/p>\n<p>Omni \u00e4r politiskt obundna och oberoende. Vi str\u00e4var efter att ge fler perspektiv p\u00e5 nyheterna. Har du fr\u00e5gor eller synpunkter kring v\u00e5r rapportering? <a href=\"https:\/\/omni.se\/new-york-times-stammer-pentagon\/a\/mailto:redaktion@omni.se\" class=\"ArticleActions_contactLink__W2F1M\" rel=\"nofollow noopener\" target=\"_blank\">Kontakta redaktionen<\/a><\/p>\n","protected":false},"excerpt":{"rendered":"The New York Times st\u00e4mmer Pentagon p\u00e5 grund av f\u00f6rsvarsh\u00f6gkvarterets nya regler f\u00f6r journalister, rapporterar tidningen. Enligt st\u00e4mningsans\u00f6kan,&hellip;\n","protected":false},"author":2,"featured_media":96947,"comment_status":"","ping_status":"","sticky":false,"template":"","format":"standard","meta":{"footnotes":""},"categories":[5],"tags":[387,22,23,26,27,17,21,24,25,28,29,732,15,268,16,4344,18,34,31,33,32,30,11384,19,20,386,74],"class_list":{"0":"post-96946","1":"post","2":"type-post","3":"status-publish","4":"format-standard","5":"has-post-thumbnail","7":"category-rubriker","8":"tag-amerikansk-politik","9":"tag-breaking-news","10":"tag-breakingnews","11":"tag-featured-news","12":"tag-featurednews","13":"tag-headlines","14":"tag-huvudnyheter","15":"tag-latest-news","16":"tag-latestnews","17":"tag-main-news","18":"tag-mainnews","19":"tag-media-reklam","20":"tag-news","21":"tag-nordamerika","22":"tag-nyheter","23":"tag-pentagon","24":"tag-rubriker","25":"tag-se","26":"tag-svenska","27":"tag-sverige","28":"tag-sweden","29":"tag-swedish","30":"tag-the-new-york-times","31":"tag-top-stories","32":"tag-topstories","33":"tag-trumps-usa","34":"tag-usa"},"share_on_mastodon":{"url":"https:\/\/pubeurope.com\/@se\/115661108857164754","error":""},"_links":{"self":[{"href":"https:\/\/www.europesays.com\/se\/wp-json\/wp\/v2\/posts\/96946","targetHints":{"allow":["GET"]}}],"collection":[{"href":"https:\/\/www.europesays.com\/se\/wp-json\/wp\/v2\/posts"}],"about":[{"href":"https:\/\/www.europesays.com\/se\/wp-json\/wp\/v2\/types\/post"}],"author":[{"embeddable":true,"href":"https:\/\/www.europesays.com\/se\/wp-json\/wp\/v2\/users\/2"}],"replies":[{"embeddable":true,"href":"https:\/\/www.europesays.com\/se\/wp-json\/wp\/v2\/comments?post=96946"}],"version-history":[{"count":0,"href":"https:\/\/www.europesays.com\/se\/wp-json\/wp\/v2\/posts\/96946\/revisions"}],"wp:featuredmedia":[{"embeddable":true,"href":"https:\/\/www.europesays.com\/se\/wp-json\/wp\/v2\/media\/96947"}],"wp:attachment":[{"href":"https:\/\/www.europesays.com\/se\/wp-json\/wp\/v2\/media?parent=96946"}],"wp:term":[{"taxonomy":"category","embeddable":true,"href":"https:\/\/www.europesays.com\/se\/wp-json\/wp\/v2\/categories?post=96946"},{"taxonomy":"post_tag","embeddable":true,"href":"https:\/\/www.europesays.com\/se\/wp-json\/wp\/v2\/tags?post=96946"}],"curies":[{"name":"wp","href":"https:\/\/api.w.org\/{rel}","templated":true}]}}