{"id":96950,"date":"2025-12-04T11:46:09","date_gmt":"2025-12-04T11:46:09","guid":{"rendered":"https:\/\/www.europesays.com\/se\/96950\/"},"modified":"2025-12-04T11:46:09","modified_gmt":"2025-12-04T11:46:09","slug":"adams-smokehouse-agarens-svar-efter-utspelet-om-israel","status":"publish","type":"post","link":"https:\/\/www.europesays.com\/se\/96950\/","title":{"rendered":"Adams Smokehouse-\u00e4garens svar \u2013 efter utspelet om Israel"},"content":{"rendered":"<p>Publicerad 4 dec 2025 kl 11.59Uppdaterad kl 12.05<\/p>\n<p>Adams Smokehouse i Stockholm har hamnat i bl\u00e5sv\u00e4der efter en viral video.<\/p>\n<p>\u2013 Israeler \u00e4r inte till\u00e5tna att komma hit, s\u00e4ger kr\u00f6garen Adam Mahdi i videon.\u00a0<\/p>\n<p>Nu svarar han p\u00e5 kritiken.<\/p>\n<p>\u2013 Vi har aldrig varit emot n\u00e5gon. Vi v\u00e4lkomnar alla.\u00a0<\/p>\n<p><img   alt=\"\"\/><\/p>\n<p>Adam Mahdi bor i Stockholm men \u00e4r uppv\u00e4xt i Palestina. \u201dIbland s\u00e4ger man saker i affekt\u201d s\u00e4ger han om sina inl\u00e4gg i sociala medier.<\/p>\n<p>Foto: Privat<\/p>\n<p>\u00d6ppna bild i helsk\u00e4rm<img loading=\"lazy\"   alt=\"\"\/><\/p>\n<p>Adam Mahdi lade i oktober upp ett inl\u00e4gg i sociala medier d\u00e4r han sa att israeler inte var v\u00e4lkomna. Inl\u00e4gget \u00e4r borttaget.<\/p>\n<p>Foto: X<\/p>\n<p>\u00d6ppna bild i helsk\u00e4rmArtikeln i korthet<\/p>\n<p> Kr\u00f6garen Adam Mahdi sa att israeler inte \u00e4r v\u00e4lkomna p\u00e5 hans restaurang.\u00a0<\/p>\n<p> Nu s\u00e4ger han att han talade i affekt och egentligen \u00e4r kritisk till israels styre \u2013 inte israeler och att alla \u00e4r v\u00e4lkomna.\u00a0<\/p>\n<p> Efter att videon uppm\u00e4rksammats har han mottagit hot och trakasserier. \u00a0<\/p>\n<p>Visa mer<\/p>\n<p>P\u00e5 d\u00f6rren till Stockholmsrestaurangen Adams Smokehouse sitter ett klisterm\u00e4rke av israeliska flaggan med ett r\u00f6tt streck \u00f6ver. Runtom st\u00e5r \u201dBojkotta Israel Apartheid\u201d.\u00a0<\/p>\n<p>I en video i sociala medier, som nu \u00e4r borttagen, pekar kr\u00f6garen Adam Mahdi p\u00e5 klisterm\u00e4rket och s\u00e4ger att det inte \u00e4r riktat mot judar, men att israeler inte \u00e4r v\u00e4lkomna.\u00a0<\/p>\n<p>\u2013 Det \u00e4r f\u00f6r israeler, israeler \u00e4r inte till\u00e5tna att komma hit, de kan dra \u00e5t helvete israeliska zionister, s\u00e4ger Adam Mahdi p\u00e5 engelska.\u00a0<\/p>\n<p>I klippet hotar han \u00e4ven att uts\u00e4tta israeler som kommer f\u00f6r v\u00e5ld.\u00a0<\/p>\n<p>\u201dKanske menade jag det inte\u201d<\/p>\n<p>Inl\u00e4gget uppm\u00e4rksammades i veckan i en ledare i <a href=\"https:\/\/www.gp.se\/ledare\/oppen-diskriminering-pa-restaurang-i-stockholm.8fd8c31a-278c-45d4-921e-85b6b3c780ca?fbclid=IwY2xjawOcHMJleHRuA2FlbQIxMQBzcnRjBmFwcF9pZBAyMjIwMzkxNzg4MjAwODkyAAEeNaYErM2L2uoKmVkjvagG7DmNVYjn0R02B4RyaWAsVKPhyEc8I7V1EQjPWAc_aem_MBNF4YM4nDK_ZbxRr_hZwg\" rel=\"nofollow noopener\" target=\"_blank\">G\u00f6teborgs-Posten<\/a> och har v\u00e4ckt starka reaktioner.<\/p>\n<p>Adam Mahdi s\u00e4ger att uttalandet i videon var k\u00e4nslom\u00e4ssigt och inte riktat mot individer.<\/p>\n<p>\u2013 Kanske menade jag det inte egentligen. Det \u00e4r inte meningsfullt att s\u00e4ga att israeler inte \u00e4r v\u00e4lkomna som m\u00e4nniskor. Jag pratar om regeringen och dess politik, inte det israeliska folket eller judar, s\u00e4ger Adam Mahdi.<\/p>\n<p>Han s\u00e4ger att hans videor p\u00e5verkas av sorgen \u00f6ver att ha f\u00f6rlorat familjemedlemmar i Gaza.<\/p>\n<p>Markering mot Israel<\/p>\n<p>Skylten med texten \u201dBojkotta Israel Apartheid\u201d f\u00f6rklarar han \u00e4r en politisk markering mot staten Israel, inte mot enskilda personer. Adam Mahdi har aldrig portat n\u00e5gon, s\u00e4ger han. \u00a0\u00a0<\/p>\n<p>\u2013 Det \u00e4r inte diskriminering. I restaurangen v\u00e4lkomnar vi alltid alla. Vi har m\u00e5nga israeler. Vi har m\u00e5nga judar. Vi har folk som kommer in och s\u00e4ger till mig \u201dfuck Palestinians\u201d. Och jag har dem fortfarande kvar, kanske br\u00e5kar jag med dem, men jag kastar aldrig ut n\u00e5gon, s\u00e4ger han.\u00a0<\/p>\n<p><img loading=\"lazy\"   alt=\"\"\/><\/p>\n<p>D\u00f6rren till restaurangen.<\/p>\n<p>Foto: Privat<\/p>\n<p>\u00d6ppna bild i helsk\u00e4rm17 anm\u00e4lningar<\/p>\n<p>Restaurangen har de tre senaste dagarna blivit anm\u00e4ld till diskrimineringsombudsmannen 17 g\u00e5nger.\u00a0<\/p>\n<p>Uttalandena i videon \u00e4r enligt lag inte diskriminering, men kan vara hets mot folkgrupp eftersom det \u00e4r riktad mot allm\u00e4nheten. Det s\u00e4ger, jurist Dino Amorelli Federico p\u00e5 Antidiskrimineringsbyr\u00e5n Stockholm Syd, till <a href=\"https:\/\/www.sverigesradio.se\/artikel\/krogare-sa-nej-till-israeler-anmalts-flera-ganger\" rel=\"nofollow noopener\" target=\"_blank\">P4 Stockholm<\/a>. Men om en israel skulle komma till restaurangen och nekas service \u00e4r det uppenbar diskriminering.<\/p>\n<p>\u2013 Om du har en restaurang \u00e4r du riktad mot allm\u00e4nheten och det betyder att du inte f\u00e5r neka en person baserat p\u00e5 de diskrimineringsgrunder vi har i Sverige, s\u00e4ger Dino Amorelli Federico till radion.\u00a0<\/p>\n<p>F\u00e5tt motta hot och hat<\/p>\n<p>Efter videon har Adam Mahdi mottagit hot och trakasserier, b\u00e5de mot sig sj\u00e4lv och sin familj, s\u00e4ger han. Han ber\u00e4ttar att han f\u00e5tt bilder skickade p\u00e5 d\u00f6da sl\u00e4ktingar, d\u00f6dshot, s\u00f6nderslagna backspeglar p\u00e5 sin bil och att hans restaurang utsatts f\u00f6r skadeg\u00f6relse.<\/p>\n<p>\u2013 Jag \u00e4r inte r\u00e4dd f\u00f6r min egen skull, men jag \u00e4r ledsen f\u00f6r m\u00e4nniskorna omkring mig. Jag vill inte att det h\u00e4r ska sl\u00e5 tillbaka mot det palestinska folket, s\u00e4ger han.<\/p>\n","protected":false},"excerpt":{"rendered":"Publicerad 4 dec 2025 kl 11.59Uppdaterad kl 12.05 Adams Smokehouse i Stockholm har hamnat i bl\u00e5sv\u00e4der efter en&hellip;\n","protected":false},"author":2,"featured_media":96951,"comment_status":"","ping_status":"","sticky":false,"template":"","format":"standard","meta":{"footnotes":""},"categories":[12],"tags":[22,23,26,27,17,21,24,25,135,28,29,15,16,18,34,154,31,33,32,30,19,965,20],"class_list":{"0":"post-96950","1":"post","2":"type-post","3":"status-publish","4":"format-standard","5":"has-post-thumbnail","7":"category-sverige","8":"tag-breaking-news","9":"tag-breakingnews","10":"tag-featured-news","11":"tag-featurednews","12":"tag-headlines","13":"tag-huvudnyheter","14":"tag-latest-news","15":"tag-latestnews","16":"tag-location-stockholm","17":"tag-main-news","18":"tag-mainnews","19":"tag-news","20":"tag-nyheter","21":"tag-rubriker","22":"tag-se","23":"tag-sections-sverige","24":"tag-svenska","25":"tag-sverige","26":"tag-sweden","27":"tag-swedish","28":"tag-top-stories","29":"tag-topic-restaurang","30":"tag-topstories"},"share_on_mastodon":{"url":"https:\/\/pubeurope.com\/@se\/115661136497971772","error":""},"_links":{"self":[{"href":"https:\/\/www.europesays.com\/se\/wp-json\/wp\/v2\/posts\/96950","targetHints":{"allow":["GET"]}}],"collection":[{"href":"https:\/\/www.europesays.com\/se\/wp-json\/wp\/v2\/posts"}],"about":[{"href":"https:\/\/www.europesays.com\/se\/wp-json\/wp\/v2\/types\/post"}],"author":[{"embeddable":true,"href":"https:\/\/www.europesays.com\/se\/wp-json\/wp\/v2\/users\/2"}],"replies":[{"embeddable":true,"href":"https:\/\/www.europesays.com\/se\/wp-json\/wp\/v2\/comments?post=96950"}],"version-history":[{"count":0,"href":"https:\/\/www.europesays.com\/se\/wp-json\/wp\/v2\/posts\/96950\/revisions"}],"wp:featuredmedia":[{"embeddable":true,"href":"https:\/\/www.europesays.com\/se\/wp-json\/wp\/v2\/media\/96951"}],"wp:attachment":[{"href":"https:\/\/www.europesays.com\/se\/wp-json\/wp\/v2\/media?parent=96950"}],"wp:term":[{"taxonomy":"category","embeddable":true,"href":"https:\/\/www.europesays.com\/se\/wp-json\/wp\/v2\/categories?post=96950"},{"taxonomy":"post_tag","embeddable":true,"href":"https:\/\/www.europesays.com\/se\/wp-json\/wp\/v2\/tags?post=96950"}],"curies":[{"name":"wp","href":"https:\/\/api.w.org\/{rel}","templated":true}]}}