{"id":96954,"date":"2025-12-04T11:52:27","date_gmt":"2025-12-04T11:52:27","guid":{"rendered":"https:\/\/www.europesays.com\/se\/96954\/"},"modified":"2025-12-04T11:52:27","modified_gmt":"2025-12-04T11:52:27","slug":"trumpadministrationen-vill-sanka-branslekrav-for-bilar","status":"publish","type":"post","link":"https:\/\/www.europesays.com\/se\/96954\/","title":{"rendered":"Trumpadministrationen vill s\u00e4nka br\u00e4nslekrav f\u00f6r bilar"},"content":{"rendered":"<p class=\"font-sans text-base text-text-main dark:text-text-main-dark font-normal leading-[1.4]\"> Enligt f\u00f6rslaget ska l\u00e4gre krav ge billigare bilar och leda till h\u00f6gre bils\u00e4kerhet genom att fler k\u00f6pare antas ha r\u00e5d med nya fordon.<\/p>\n<p>Initiativet kallas \u201cFreedom Means Affordable Cars\u201d och menar att beslutet att skrota Biden-Buttigiegs \u00e5tg\u00e4rder f\u00f6r att underl\u00e4tta f\u00f6r elbilar skulle kostat amerikanska hush\u00e5ll 109 miljarder dollar f\u00f6rdelat \u00f6ver fem \u00e5r. Vita huset uppger ocks\u00e5 att man genom detta underst\u00f6djer den egna bilindustrin.<\/p>\n<p>&#8221;Joe Biden och Pete Buttigieg manipulerade olagligt milers\u00e4ttningsnormerna f\u00f6r att skapa ett krav p\u00e5 elfordon \u2013 vilket h\u00f6jde bilpriserna f\u00f6r amerikanska familjer och tvingade tillverkarna att producera fordon som ingen ville ha&#8221;, uppger USA:s transportminister Sean Duffy.<\/p>\n<p>\u201dJag \u00e4r stolt \u00f6ver att st\u00e5 tillsammans med president Trump i Ovala rummet idag och s\u00e4ga att den tiden \u00e4r \u00f6ver. Denna administration f\u00f6rst\u00e5r att varje amerikansk familjs frihet b\u00f6rjar med prisv\u00e4rda bilar. D\u00e4rf\u00f6r kommer v\u00e5ra nya standarder att g\u00f6ra den dr\u00f6mmen mer uppn\u00e5elig genom att l\u00e5ta biltillverkarna producera bilar som passar familjers behov till ett l\u00e4gre pris.\u201d<\/p>\n<p>NHTSA vill nollst\u00e4lla och sedan h\u00f6ja CAFE-standarderna i sm\u00e5 steg f\u00f6r modell\u00e5ren 2022\u20132031, enligt riktlinjer fr\u00e5n transportminister Sean Duffy. F\u00f6r personbilar inneb\u00e4r f\u00f6rslaget \u00f6kningar p\u00e5 0,5 procent per \u00e5r 2023\u20132026, 0,35 procent 2027 och 0,25 procent 2029\u20132031.<br class=\"col-start-2\"\/>F\u00f6r l\u00e4tta lastbilar f\u00f6resl\u00e5s 0,5 procent per \u00e5r 2023\u20132026, 0,7 procent 2027 och 0,25 procent 2029\u20132031. Myndigheten bed\u00f6mer att genomsnittlig br\u00e4nsleekonomi n\u00e5r 34,5 miles per gallon till 2031. F\u00f6rslaget slopar \u00e4ven CAFE:s kredithandel fr\u00e5n 2028 och omklassar crossovers och sm\u00e5 suvar som personbilar.<\/p>\n<p>En 45 dagar l\u00e5ng remissperiod inleds n\u00e4r f\u00f6rslaget publiceras i Federal Register.<br class=\"col-start-2\"\/><\/p>\n","protected":false},"excerpt":{"rendered":"Enligt f\u00f6rslaget ska l\u00e4gre krav ge billigare bilar och leda till h\u00f6gre bils\u00e4kerhet genom att fler k\u00f6pare antas&hellip;\n","protected":false},"author":2,"featured_media":96955,"comment_status":"","ping_status":"","sticky":false,"template":"","format":"standard","meta":{"footnotes":""},"categories":[65],"tags":[72,385,70,71,506,34,31,33,32,30],"class_list":{"0":"post-96954","1":"post","2":"type-post","3":"status-publish","4":"format-standard","5":"has-post-thumbnail","7":"category-ekonomi","8":"tag-business","9":"tag-donald-trump","10":"tag-economy","11":"tag-ekonomi","12":"tag-miljo","13":"tag-se","14":"tag-svenska","15":"tag-sverige","16":"tag-sweden","17":"tag-swedish"},"share_on_mastodon":{"url":"https:\/\/pubeurope.com\/@se\/115661159957159952","error":""},"_links":{"self":[{"href":"https:\/\/www.europesays.com\/se\/wp-json\/wp\/v2\/posts\/96954","targetHints":{"allow":["GET"]}}],"collection":[{"href":"https:\/\/www.europesays.com\/se\/wp-json\/wp\/v2\/posts"}],"about":[{"href":"https:\/\/www.europesays.com\/se\/wp-json\/wp\/v2\/types\/post"}],"author":[{"embeddable":true,"href":"https:\/\/www.europesays.com\/se\/wp-json\/wp\/v2\/users\/2"}],"replies":[{"embeddable":true,"href":"https:\/\/www.europesays.com\/se\/wp-json\/wp\/v2\/comments?post=96954"}],"version-history":[{"count":0,"href":"https:\/\/www.europesays.com\/se\/wp-json\/wp\/v2\/posts\/96954\/revisions"}],"wp:featuredmedia":[{"embeddable":true,"href":"https:\/\/www.europesays.com\/se\/wp-json\/wp\/v2\/media\/96955"}],"wp:attachment":[{"href":"https:\/\/www.europesays.com\/se\/wp-json\/wp\/v2\/media?parent=96954"}],"wp:term":[{"taxonomy":"category","embeddable":true,"href":"https:\/\/www.europesays.com\/se\/wp-json\/wp\/v2\/categories?post=96954"},{"taxonomy":"post_tag","embeddable":true,"href":"https:\/\/www.europesays.com\/se\/wp-json\/wp\/v2\/tags?post=96954"}],"curies":[{"name":"wp","href":"https:\/\/api.w.org\/{rel}","templated":true}]}}