{"id":96988,"date":"2025-12-04T12:38:11","date_gmt":"2025-12-04T12:38:11","guid":{"rendered":"https:\/\/www.europesays.com\/se\/96988\/"},"modified":"2025-12-04T12:38:11","modified_gmt":"2025-12-04T12:38:11","slug":"uppgifter-har-hamnar-luleas-guldtranare","status":"publish","type":"post","link":"https:\/\/www.europesays.com\/se\/96988\/","title":{"rendered":"Uppgifter: H\u00e4r hamnar Lule\u00e5s guldtr\u00e4nare"},"content":{"rendered":"<p>Det har varit klart i flera m\u00e5nader att Lule\u00e5 och guldcoachen Thomas \u201dBulan\u201d Berglund \u00e4r inne p\u00e5 sin sista s\u00e4song tillsammans.<\/p>\n<p>Enligt uppgifter \u00e4r det nu klart med vilken klubb han flyttar till h\u00e4rn\u00e4st.<\/p>\n<p class=\"\">Lule\u00e5 kommer att ha en annan tr\u00e4nare \u00e4n Thomas Berglund, 56, n\u00e4sta s\u00e4song. BIK Karlskogas Dennis Hall placeras hos norrbottningarna som ers\u00e4ttare f\u00f6r \u201dBulan\u201d.<\/p>\n<p class=\"\">Och f\u00f6r Thomas Berglund ser det ut att bli en utlandsflytt i sommar. Men inte till Bern som det tidigare har varit tal om. Utan till den tyska storklubben K\u00f6ln. Enligt <a class=\"null text-blue-link\" href=\"https:\/\/www.aftonbladet.se\/sportbladet\/hockey\/a\/k0aada\/avslojar-thomas-bulan-berglund-overens-med-koln-om-bli-ny-huvudtranare\" rel=\"nofollow noopener\" target=\"_blank\">Aftonbladet<\/a> tar Berglund med sig Lule\u00e5s och sin assisterande tr\u00e4nare Henrik Stridh, 56.<\/p>\n<p class=\"\">Thomas Berglund vann SM-guld med Lule\u00e5 som spelare 1996. Och efter 29 \u00e5rs v\u00e4ntan i Norrbotten var han den tr\u00e4nare som s\u00e5g till att Lule\u00e5 fick fira sitt andra SM-guld n\u00e4r Bryn\u00e4s besegrades i SM-finalen i maj.<\/p>\n<p><img alt=\"Berglund.\" loading=\"lazy\" decoding=\"async\" data-nimg=\"fill\" class=\"object-cover\" style=\"position:absolute;height:100%;width:100%;left:0;top:0;right:0;bottom:0;color:transparent\"   src=\"https:\/\/www.europesays.com\/se\/wp-content\/uploads\/2025\/12\/kY0gi7PurbVFH69Dz8GWrYtLRZfbPvjTWxvmR6F0.jpg\"\/>&#8221;Bulan&#8221; Berglund \u00e4r p\u00e5 v\u00e4g till K\u00f6ln, enligt AB. <\/p>\n<p class=\"\">Berglund flyttade tillbaka till Lule\u00e5 2017 efter att ha varit i Bryn\u00e4s under tre s\u00e4songer. Han och Henrik Stridh \u00e4r nu inne p\u00e5 sin nionde \u2013 och sista \u2013 s\u00e4song i Lule\u00e5.<\/p>\n<p class=\"\">Enligt Aftonbladet \u00e4r de muntligt \u00f6verens med K\u00f6ln och forts\u00e4tter sin hockeyresa dit. Stridh kom till Lule\u00e5 fr\u00e5n Timr\u00e5 2017.<\/p>\n<p><a class=\"block my-8\" href=\"https:\/\/hockeynews.se\/hockeynewsguiden\/lulea-hf\" rel=\"nofollow noopener\" target=\"_blank\"><img alt=\"\" loading=\"lazy\" width=\"1080\" height=\"200\" decoding=\"async\" data-nimg=\"1\" style=\"color:transparent\" src=\"https:\/\/www.europesays.com\/se\/wp-content\/uploads\/2025\/09\/LSsoptegGhHKRLW5JceIfrd2ytnspAimqxvDLh25.png\"\/><\/a>Kommentarer TopprankadeSenaste\u00c4ldstaTrendar<\/p>\n<p>Skaffa PLUS f\u00f6r att kommentera<\/p>\n<p>Med en aktiv PLUS-prenumeration kan du kommentera, svara p\u00e5 andra och gilla kommentarer.<\/p>\n<p><a class=\"btn-primary btn-small\" href=\"https:\/\/hockeynews.se\/plus\" rel=\"nofollow noopener\" target=\"_blank\">Skaffa PLUS<\/a><\/p>\n<p>Anv\u00e4nd koden NORR50 \u2013 f\u00e5 \u00e5rskortet f\u00f6r halva priset 349kr (ord pris 699kr). Fyll i NORR50 i sista steget. <a class=\"text-yellow underline font-bold\" href=\"https:\/\/hockeynews.se\/plus\" rel=\"nofollow noopener\" target=\"_blank\">Skaffa PLUS<\/a><\/p>\n<p>Halva priset p\u00e5 TV4 Play Sport Hockey \u2013 <a class=\"text-yellow underline\" href=\"https:\/\/www.tv4play.se\/kampanj\/hockeynewshockey\" rel=\"nofollow noopener\" target=\"_blank\">f\u00e5 kod med Hockeynews h\u00e4r!<\/a> (Annons)<\/p>\n<p><a class=\"text-yellow underline font-bold\" href=\"https:\/\/hockeynews.se\/app\" rel=\"nofollow noopener\" target=\"_blank\">H\u00e4mta Hockeynews app f\u00f6r iOS och Android<\/a> &#8211; gratis: nyheter, sp\u00e4nnande silly, unik inside, exklusiva intervjuer och matchrapporter fr\u00e5n alla ligor<\/p>\n","protected":false},"excerpt":{"rendered":"Det har varit klart i flera m\u00e5nader att Lule\u00e5 och guldcoachen Thomas \u201dBulan\u201d Berglund \u00e4r inne p\u00e5 sin&hellip;\n","protected":false},"author":2,"featured_media":96989,"comment_status":"","ping_status":"","sticky":false,"template":"","format":"standard","meta":{"footnotes":""},"categories":[68],"tags":[34,111,110,31,33,32,30],"class_list":{"0":"post-96988","1":"post","2":"type-post","3":"status-publish","4":"format-standard","5":"has-post-thumbnail","7":"category-sport","8":"tag-se","9":"tag-sport","10":"tag-sports","11":"tag-svenska","12":"tag-sverige","13":"tag-sweden","14":"tag-swedish"},"share_on_mastodon":{"url":"https:\/\/pubeurope.com\/@se\/115661341161785376","error":""},"_links":{"self":[{"href":"https:\/\/www.europesays.com\/se\/wp-json\/wp\/v2\/posts\/96988","targetHints":{"allow":["GET"]}}],"collection":[{"href":"https:\/\/www.europesays.com\/se\/wp-json\/wp\/v2\/posts"}],"about":[{"href":"https:\/\/www.europesays.com\/se\/wp-json\/wp\/v2\/types\/post"}],"author":[{"embeddable":true,"href":"https:\/\/www.europesays.com\/se\/wp-json\/wp\/v2\/users\/2"}],"replies":[{"embeddable":true,"href":"https:\/\/www.europesays.com\/se\/wp-json\/wp\/v2\/comments?post=96988"}],"version-history":[{"count":0,"href":"https:\/\/www.europesays.com\/se\/wp-json\/wp\/v2\/posts\/96988\/revisions"}],"wp:featuredmedia":[{"embeddable":true,"href":"https:\/\/www.europesays.com\/se\/wp-json\/wp\/v2\/media\/96989"}],"wp:attachment":[{"href":"https:\/\/www.europesays.com\/se\/wp-json\/wp\/v2\/media?parent=96988"}],"wp:term":[{"taxonomy":"category","embeddable":true,"href":"https:\/\/www.europesays.com\/se\/wp-json\/wp\/v2\/categories?post=96988"},{"taxonomy":"post_tag","embeddable":true,"href":"https:\/\/www.europesays.com\/se\/wp-json\/wp\/v2\/tags?post=96988"}],"curies":[{"name":"wp","href":"https:\/\/api.w.org\/{rel}","templated":true}]}}