{"id":96990,"date":"2025-12-04T12:39:10","date_gmt":"2025-12-04T12:39:10","guid":{"rendered":"https:\/\/www.europesays.com\/se\/96990\/"},"modified":"2025-12-04T12:39:10","modified_gmt":"2025-12-04T12:39:10","slug":"nurnberg-med-russell-crowe-biofilm-recension","status":"publish","type":"post","link":"https:\/\/www.europesays.com\/se\/96990\/","title":{"rendered":"N\u00fcrnberg med Russell Crowe \u2013 biofilm, recension"},"content":{"rendered":"<p>Den 8 maj 1945 stannade n\u00e5gra soldater ur 36:e infanteridivisionen i USA:s arm\u00e9 en bil med vita fanor. Ur den klev f\u00f6rre riksmarskalken Hermann G\u00f6ring, ikl\u00e4dd sin uniform full med medaljer. Han arresterades p\u00e5 plats.<\/p>\n<p>Ett \u00e5r senare stod han inf\u00f6r r\u00e4tta i N\u00fcrnberg, d\u00e4r brott mot m\u00e4nskligheten f\u00f6r f\u00f6rsta g\u00e5ngen definierades som juridisk kategori. Mordet p\u00e5 \u00f6ver 6 miljoner judar, romer, homosexuella och politiska f\u00e5ngar skulle inte bara ses som ett krigsbrott i m\u00e4ngden.<\/p>\n","protected":false},"excerpt":{"rendered":"Den 8 maj 1945 stannade n\u00e5gra soldater ur 36:e infanteridivisionen i USA:s arm\u00e9 en bil med vita fanor.&hellip;\n","protected":false},"author":2,"featured_media":96991,"comment_status":"","ping_status":"","sticky":false,"template":"","format":"standard","meta":{"footnotes":""},"categories":[67],"tags":[104,34,31,33,32,30,105],"class_list":{"0":"post-96990","1":"post","2":"type-post","3":"status-publish","4":"format-standard","5":"has-post-thumbnail","7":"category-underhallning","8":"tag-entertainment","9":"tag-se","10":"tag-svenska","11":"tag-sverige","12":"tag-sweden","13":"tag-swedish","14":"tag-underhallning"},"share_on_mastodon":{"url":"https:\/\/pubeurope.com\/@se\/115661344768725188","error":""},"_links":{"self":[{"href":"https:\/\/www.europesays.com\/se\/wp-json\/wp\/v2\/posts\/96990","targetHints":{"allow":["GET"]}}],"collection":[{"href":"https:\/\/www.europesays.com\/se\/wp-json\/wp\/v2\/posts"}],"about":[{"href":"https:\/\/www.europesays.com\/se\/wp-json\/wp\/v2\/types\/post"}],"author":[{"embeddable":true,"href":"https:\/\/www.europesays.com\/se\/wp-json\/wp\/v2\/users\/2"}],"replies":[{"embeddable":true,"href":"https:\/\/www.europesays.com\/se\/wp-json\/wp\/v2\/comments?post=96990"}],"version-history":[{"count":0,"href":"https:\/\/www.europesays.com\/se\/wp-json\/wp\/v2\/posts\/96990\/revisions"}],"wp:featuredmedia":[{"embeddable":true,"href":"https:\/\/www.europesays.com\/se\/wp-json\/wp\/v2\/media\/96991"}],"wp:attachment":[{"href":"https:\/\/www.europesays.com\/se\/wp-json\/wp\/v2\/media?parent=96990"}],"wp:term":[{"taxonomy":"category","embeddable":true,"href":"https:\/\/www.europesays.com\/se\/wp-json\/wp\/v2\/categories?post=96990"},{"taxonomy":"post_tag","embeddable":true,"href":"https:\/\/www.europesays.com\/se\/wp-json\/wp\/v2\/tags?post=96990"}],"curies":[{"name":"wp","href":"https:\/\/api.w.org\/{rel}","templated":true}]}}