{"id":96996,"date":"2025-12-04T12:45:10","date_gmt":"2025-12-04T12:45:10","guid":{"rendered":"https:\/\/www.europesays.com\/se\/96996\/"},"modified":"2025-12-04T12:45:10","modified_gmt":"2025-12-04T12:45:10","slug":"ny-studie-avslojar-hur-hjarnan-prioriterar-kroppsliga-signaler-i-medvetandet","status":"publish","type":"post","link":"https:\/\/www.europesays.com\/se\/96996\/","title":{"rendered":"Ny studie avsl\u00f6jar hur hj\u00e4rnan prioriterar kroppsliga signaler i medvetandet"},"content":{"rendered":"<p>Bild:<\/p>\n<p> <img decoding=\"async\" src=\"https:\/\/www.europesays.com\/se\/wp-content\/uploads\/2025\/12\/Renzo_custom20251029144135.webp.webp\" alt=\"Portr\u00e4ttbild\"\/><\/p>\n<p>Rubrik:<\/p>\n<p> Portr\u00e4ttbild p\u00e5 Renzo Lanfranco.<br \/>\nFoto: N\/A<\/p>\n<p>\u2013 K\u00e4nslan av att \u00e4ga v\u00e5r kropp \u00e4r avg\u00f6rande f\u00f6r att skapa och uppr\u00e4tth\u00e5lla sj\u00e4lvmedvetenhet, vilket i sin tur \u00e4r viktigt f\u00f6r att kunna skilja mellan oss sj\u00e4lva och omv\u00e4rlden. Fr\u00e5gan om hur hj\u00e4rnan skapar och bevarar denna k\u00e4nsla i v\u00e5rt medvetande \u00e4r relevant inte bara f\u00f6r neurovetenskap, psykologi och psykiatri, utan \u00e4ven f\u00f6r medvetandefilosofin, s\u00e4ger <a href=\"https:\/\/ki.se\/en\/people\/renzo-lanfranco\" data-entity-type=\"external\" rel=\"nofollow noopener\" target=\"_blank\">Renzo Lanfranco<\/a>, huvudf\u00f6rfattare till studien och senior forskare p\u00e5 <a href=\"https:\/\/ki.se\/cns\" data-entity-type=\"external\" rel=\"nofollow noopener\" target=\"_blank\">Institutionen f\u00f6r klinisk neurovetenskap<\/a>.\u00a0<\/p>\n<p>Resultaten \u00e4r \u00e4ven viktiga eftersom de ger insikt i en grundl\u00e4ggande aspekt av m\u00e4nsklig upplevelse \u2013 k\u00e4nslan av att kroppen \u00e4r v\u00e5r egen. Detta kan bidra till \u00f6kad f\u00f6rst\u00e5else och f\u00f6rb\u00e4ttrade behandlingsm\u00f6jligheter vid tillst\u00e5nd d\u00e4r upplevelsen av kroppslig identitet eller sj\u00e4lvuppfattning \u00e4r f\u00f6r\u00e4ndrad, s\u00e5som vid depersonalisering, schizofreni och kroppsdysmorfisk st\u00f6rning.\u00a0<\/p>\n<p>N\u00e4sta steg i forskningen \u00e4r att kartl\u00e4gga hur hj\u00e4rnan kopplar samman integrerade syn- och k\u00e4nselsignaler med medveten upplevelse p\u00e5 neuronal niv\u00e5, och vilka hj\u00e4rnregioner som g\u00f6r att dessa signaler blir en del av v\u00e5r subjektiva upplevelse. Forskarna vill ocks\u00e5 unders\u00f6ka vad som h\u00e4nder n\u00e4r dessa processer bryts ned.<\/p>\n<p>Studien har finansierats av Vetenskapsr\u00e5det, Strategiska forskningsomr\u00e5det Neuroscience, G\u00f6ran Gustafssons stiftelse och EU:s Horizon 2020-program.<\/p>\n","protected":false},"excerpt":{"rendered":"Bild: Rubrik: Portr\u00e4ttbild p\u00e5 Renzo Lanfranco. Foto: N\/A \u2013 K\u00e4nslan av att \u00e4ga v\u00e5r kropp \u00e4r avg\u00f6rande f\u00f6r&hellip;\n","protected":false},"author":2,"featured_media":96997,"comment_status":"","ping_status":"","sticky":false,"template":"","format":"standard","meta":{"footnotes":""},"categories":[69],"tags":[113,112,34,31,33,32,30],"class_list":{"0":"post-96996","1":"post","2":"type-post","3":"status-publish","4":"format-standard","5":"has-post-thumbnail","7":"category-halsa","8":"tag-halsa","9":"tag-health","10":"tag-se","11":"tag-svenska","12":"tag-sverige","13":"tag-sweden","14":"tag-swedish"},"share_on_mastodon":{"url":"https:\/\/pubeurope.com\/@se\/115661368634088858","error":""},"_links":{"self":[{"href":"https:\/\/www.europesays.com\/se\/wp-json\/wp\/v2\/posts\/96996","targetHints":{"allow":["GET"]}}],"collection":[{"href":"https:\/\/www.europesays.com\/se\/wp-json\/wp\/v2\/posts"}],"about":[{"href":"https:\/\/www.europesays.com\/se\/wp-json\/wp\/v2\/types\/post"}],"author":[{"embeddable":true,"href":"https:\/\/www.europesays.com\/se\/wp-json\/wp\/v2\/users\/2"}],"replies":[{"embeddable":true,"href":"https:\/\/www.europesays.com\/se\/wp-json\/wp\/v2\/comments?post=96996"}],"version-history":[{"count":0,"href":"https:\/\/www.europesays.com\/se\/wp-json\/wp\/v2\/posts\/96996\/revisions"}],"wp:featuredmedia":[{"embeddable":true,"href":"https:\/\/www.europesays.com\/se\/wp-json\/wp\/v2\/media\/96997"}],"wp:attachment":[{"href":"https:\/\/www.europesays.com\/se\/wp-json\/wp\/v2\/media?parent=96996"}],"wp:term":[{"taxonomy":"category","embeddable":true,"href":"https:\/\/www.europesays.com\/se\/wp-json\/wp\/v2\/categories?post=96996"},{"taxonomy":"post_tag","embeddable":true,"href":"https:\/\/www.europesays.com\/se\/wp-json\/wp\/v2\/tags?post=96996"}],"curies":[{"name":"wp","href":"https:\/\/api.w.org\/{rel}","templated":true}]}}