{"id":97065,"date":"2025-12-04T13:44:09","date_gmt":"2025-12-04T13:44:09","guid":{"rendered":"https:\/\/www.europesays.com\/se\/97065\/"},"modified":"2025-12-04T13:44:09","modified_gmt":"2025-12-04T13:44:09","slug":"cdc-kommitte-ska-diskutera-hepatit-b-vaccin-for-nyfodda","status":"publish","type":"post","link":"https:\/\/www.europesays.com\/se\/97065\/","title":{"rendered":"CDC-kommitt\u00e9 ska diskutera hepatit B-vaccin f\u00f6r nyf\u00f6dda"},"content":{"rendered":"<p class=\"font-sans text-base text-text-main dark:text-text-main-dark font-normal leading-[1.4]\">Den amerikanska h\u00e4lsomyndigheten CDC:s r\u00e5dgivarkommitt\u00e9 inom immuniseringsrutiner, ACIP, ska sammantr\u00e4da f\u00f6r att diskutera och troligen r\u00f6sta om bland annat hepatit B-vaccin f\u00f6r nyf\u00f6dda. Det rapporterar ABC News.\n <\/p>\n<p>CDC rekommenderar idag att den f\u00f6rsta av tre doser av hepatit B-vaccinet ges till barn inom 24 timmar efter f\u00f6dseln.\n <\/p>\n<p>Men under h\u00e4lsominister Robert F. Kennedy, som \u00e4r en uttalad vaccinskeptiker, har samtliga 17 medlemmar inom ACIP bytts ut och ersatts med personer installerade av Kennedy sj\u00e4lv. Flera av dessa delar hans \u00e5sikter kring vaccin.\n <\/p>\n<p>Att ACIP nu avser diskutera rekommendationer kring hepatit B-vaccinet, vilket kan resultera i att det avl\u00e4gsnas, kritiseras starkt av den tidigare tillf\u00f6rordnade CDC-chefen under Obamaperioden, doktor Richard Besser.\n <\/p>\n<p>\u201cJag tycker att varje punkt p\u00e5 den agendan \u00e4r oroande. Vi har en administration som verkar fast besluten att undergr\u00e4va m\u00e4nniskors f\u00f6rtroende f\u00f6r vaccinationer\u201d, sade han till ABC News.<br \/>\n <br class=\"col-start-2\"\/><\/p>\n<p class=\"font-sans text-base text-text-main dark:text-text-main-dark font-normal leading-[1.4]\">Reno Santic<br \/>\n <br class=\"col-start-2\"\/><br \/>\n Nyhetsbyr\u00e5n Finwire<br \/>\n <br class=\"col-start-2\"\/><br \/>\n <a class=\"twitter-timeline\" data-width=\"1200\" data-height=\"1000\" data-dnt=\"true\" href=\"https:\/\/twitter.com\/Finwire?ref_src=twsrc%5Etfw\" rel=\"nofollow noopener\" target=\"_blank\">Tweets by Finwire<\/a><script async src=\"https:\/\/platform.twitter.com\/widgets.js\" charset=\"utf-8\"><\/script><br \/>\n <br class=\"col-start-2\"\/><br \/>\n newsroom@finwire.se<\/p>\n<p class=\"font-sans text-base text-text-main dark:text-text-main-dark font-normal leading-[1.4]\"><a class=\"text-primary-90 underline hover:text-primary-110 hover:no-underline\" rel=\"noopener noreferrer nofollow\" target=\"_blank\" href=\"https:\/\/abcnews.go.com\/Health\/cdc-vaccine-advisory-committee-meets-discuss-hepatitis-shot\/story?id=128088115\">L\u00e4s mer p\u00e5 Finwire<\/a><\/p>\n<p><script async src=\"https:\/\/platform.twitter.com\/widgets.js\" charset=\"utf-8\"><\/script><\/p>\n","protected":false},"excerpt":{"rendered":"Den amerikanska h\u00e4lsomyndigheten CDC:s r\u00e5dgivarkommitt\u00e9 inom immuniseringsrutiner, ACIP, ska sammantr\u00e4da f\u00f6r att diskutera och troligen r\u00f6sta om bland&hellip;\n","protected":false},"author":2,"featured_media":77249,"comment_status":"","ping_status":"","sticky":false,"template":"","format":"standard","meta":{"footnotes":""},"categories":[5],"tags":[22,23,26,27,17,21,24,25,28,29,15,16,18,34,31,33,32,30,19,20],"class_list":{"0":"post-97065","1":"post","2":"type-post","3":"status-publish","4":"format-standard","5":"has-post-thumbnail","7":"category-rubriker","8":"tag-breaking-news","9":"tag-breakingnews","10":"tag-featured-news","11":"tag-featurednews","12":"tag-headlines","13":"tag-huvudnyheter","14":"tag-latest-news","15":"tag-latestnews","16":"tag-main-news","17":"tag-mainnews","18":"tag-news","19":"tag-nyheter","20":"tag-rubriker","21":"tag-se","22":"tag-svenska","23":"tag-sverige","24":"tag-sweden","25":"tag-swedish","26":"tag-top-stories","27":"tag-topstories"},"share_on_mastodon":{"url":"https:\/\/pubeurope.com\/@se\/115661600384890930","error":""},"_links":{"self":[{"href":"https:\/\/www.europesays.com\/se\/wp-json\/wp\/v2\/posts\/97065","targetHints":{"allow":["GET"]}}],"collection":[{"href":"https:\/\/www.europesays.com\/se\/wp-json\/wp\/v2\/posts"}],"about":[{"href":"https:\/\/www.europesays.com\/se\/wp-json\/wp\/v2\/types\/post"}],"author":[{"embeddable":true,"href":"https:\/\/www.europesays.com\/se\/wp-json\/wp\/v2\/users\/2"}],"replies":[{"embeddable":true,"href":"https:\/\/www.europesays.com\/se\/wp-json\/wp\/v2\/comments?post=97065"}],"version-history":[{"count":0,"href":"https:\/\/www.europesays.com\/se\/wp-json\/wp\/v2\/posts\/97065\/revisions"}],"wp:featuredmedia":[{"embeddable":true,"href":"https:\/\/www.europesays.com\/se\/wp-json\/wp\/v2\/media\/77249"}],"wp:attachment":[{"href":"https:\/\/www.europesays.com\/se\/wp-json\/wp\/v2\/media?parent=97065"}],"wp:term":[{"taxonomy":"category","embeddable":true,"href":"https:\/\/www.europesays.com\/se\/wp-json\/wp\/v2\/categories?post=97065"},{"taxonomy":"post_tag","embeddable":true,"href":"https:\/\/www.europesays.com\/se\/wp-json\/wp\/v2\/tags?post=97065"}],"curies":[{"name":"wp","href":"https:\/\/api.w.org\/{rel}","templated":true}]}}