{"id":97164,"date":"2025-12-04T15:37:08","date_gmt":"2025-12-04T15:37:08","guid":{"rendered":"https:\/\/www.europesays.com\/se\/97164\/"},"modified":"2025-12-04T15:37:08","modified_gmt":"2025-12-04T15:37:08","slug":"samsung-inleder-ces-2026-med-eget-event","status":"publish","type":"post","link":"https:\/\/www.europesays.com\/se\/97164\/","title":{"rendered":"Samsung inleder CES 2026 med eget event"},"content":{"rendered":"<p>Om lite drygt en m\u00e5nad, den 6 januari, drar v\u00e4rldens st\u00f6rsta teknikm\u00e4ssa, CES 2026 ig\u00e5ng. Nu har den sydkoreanska teknikj\u00e4tten Samsung <a href=\"https:\/\/idg.digidip.net\/visit?url=https:\/\/news.samsung.com\/global\/invitation-samsung-event-at-ces-2026-the-first-look&amp;currurl=https:\/\/www.m3.se\/article\/3000599\/samsung-inleder-ces-2026-med-eget-event.html&amp;ref=9-1-3000599-1-0-0-0-0\" target=\"_blank\" rel=\"nofollow noopener\" data-subtag=\"9-1-3000599-1-0-0-0-0\" data-domain-name=\"samsung\">meddelat<\/a> att de kommer h\u00e5lla ett eget First Look-event n\u00e5gra dagar innan d\u00f6rrarna till m\u00e4ssgolvet sl\u00e5s upp.<\/p>\n<p><strong>L\u00e4s \u00e4ven:\u00a0<a href=\"https:\/\/www.m3.se\/article\/2498856\/samsung-galaxy-z-trifold.html\" rel=\"nofollow noopener\" target=\"_blank\">Samsung har \u00e4ntligen visat upp Galaxy Z Trifold<\/a><\/strong><\/p>\n<p>Klockan 04.00 svensk tid den 5 januari kommer Samsungs Device Experience-avdelning, som st\u00e5r f\u00f6r f\u00f6retagets konsumentprodukter, visa upp \u201csin vision\u201d f\u00f6r 2026. Det kommer \u00e4ven presenteras nya \u201cAI-drivna konsumentupplevelser\u201d.<\/p>\n<p>Presentationen kommer att lives\u00e4ndas p\u00e5 <a href=\"https:\/\/idg.digidip.net\/visit?url=https:\/\/news.samsung.com\/global\/&amp;currurl=https:\/\/www.m3.se\/article\/3000599\/samsung-inleder-ces-2026-med-eget-event.html&amp;ref=9-1-3000599-1-0-0-0-0\" target=\"_blank\" rel=\"nofollow noopener\" data-subtag=\"9-1-3000599-1-0-0-0-0\" data-domain-name=\"samsung\">Samsung Newsroom<\/a>, f\u00f6retagets <a href=\"https:\/\/idg.digidip.net\/visit?url=https:\/\/www.youtube.com\/@Samsung&amp;currurl=https:\/\/www.m3.se\/article\/3000599\/samsung-inleder-ces-2026-med-eget-event.html&amp;ref=9-1-3000599-1-0-0-0-0\" target=\"_blank\" rel=\"nofollow noopener\" data-subtag=\"9-1-3000599-1-0-0-0-0\" data-domain-name=\"youtube\">Youtube-kanal<\/a>, samt p\u00e5 Samsung TV Plus.<\/p>\n","protected":false},"excerpt":{"rendered":"Om lite drygt en m\u00e5nad, den 6 januari, drar v\u00e4rldens st\u00f6rsta teknikm\u00e4ssa, CES 2026 ig\u00e5ng. Nu har den&hellip;\n","protected":false},"author":2,"featured_media":97165,"comment_status":"","ping_status":"","sticky":false,"template":"","format":"standard","meta":{"footnotes":""},"categories":[66],"tags":[80,78,79,34,31,33,32,30,81,84,83,82],"class_list":{"0":"post-97164","1":"post","2":"type-post","3":"status-publish","4":"format-standard","5":"has-post-thumbnail","7":"category-vetenskap-och-teknik","8":"tag-science","9":"tag-science-and-technology","10":"tag-scienceandtechnology","11":"tag-se","12":"tag-svenska","13":"tag-sverige","14":"tag-sweden","15":"tag-swedish","16":"tag-technology","17":"tag-teknik","18":"tag-vetenskap","19":"tag-vetenskapteknik"},"share_on_mastodon":{"url":"https:\/\/pubeurope.com\/@se\/115662044759066674","error":""},"_links":{"self":[{"href":"https:\/\/www.europesays.com\/se\/wp-json\/wp\/v2\/posts\/97164","targetHints":{"allow":["GET"]}}],"collection":[{"href":"https:\/\/www.europesays.com\/se\/wp-json\/wp\/v2\/posts"}],"about":[{"href":"https:\/\/www.europesays.com\/se\/wp-json\/wp\/v2\/types\/post"}],"author":[{"embeddable":true,"href":"https:\/\/www.europesays.com\/se\/wp-json\/wp\/v2\/users\/2"}],"replies":[{"embeddable":true,"href":"https:\/\/www.europesays.com\/se\/wp-json\/wp\/v2\/comments?post=97164"}],"version-history":[{"count":0,"href":"https:\/\/www.europesays.com\/se\/wp-json\/wp\/v2\/posts\/97164\/revisions"}],"wp:featuredmedia":[{"embeddable":true,"href":"https:\/\/www.europesays.com\/se\/wp-json\/wp\/v2\/media\/97165"}],"wp:attachment":[{"href":"https:\/\/www.europesays.com\/se\/wp-json\/wp\/v2\/media?parent=97164"}],"wp:term":[{"taxonomy":"category","embeddable":true,"href":"https:\/\/www.europesays.com\/se\/wp-json\/wp\/v2\/categories?post=97164"},{"taxonomy":"post_tag","embeddable":true,"href":"https:\/\/www.europesays.com\/se\/wp-json\/wp\/v2\/tags?post=97164"}],"curies":[{"name":"wp","href":"https:\/\/api.w.org\/{rel}","templated":true}]}}