{"id":97210,"date":"2025-12-04T16:28:06","date_gmt":"2025-12-04T16:28:06","guid":{"rendered":"https:\/\/www.europesays.com\/se\/97210\/"},"modified":"2025-12-04T16:28:06","modified_gmt":"2025-12-04T16:28:06","slug":"storforetag-i-ljungby-utsatt-for-massiv-hackerattack-smalanningen","status":"publish","type":"post","link":"https:\/\/www.europesays.com\/se\/97210\/","title":{"rendered":"Storf\u00f6retag i Ljungby utsatt f\u00f6r massiv hackerattack \u2013 Sm\u00e5l\u00e4nningen"},"content":{"rendered":"<p>\u201dEtt utpressningsangrepp (ransomware), kan inneb\u00e4ra att hela eller delar av en verksamhets it-system med dess information blir krypterad och inte l\u00e4ngre \u00e4r tillg\u00e4nglig f\u00f6r verksamheten. <\/p>\n<p>Detta kallas ofta f\u00f6r ransomware fr\u00e5n engelskans \u201dransom\u201d (l\u00f6sensumma) och \u201dsoftware\u201d (mjukvara). Genom att kryptera informationen hoppas angriparna p\u00e5 att den utsatta organisationen ska betala en l\u00f6sensumma f\u00f6r att f\u00e5 tillg\u00e5ng till dekrypteringsnyckeln och f\u00e5 tillbaka den f\u00f6rlorade informationen.\u201d<\/p>\n<p><strong>K\u00e4lla:<\/strong> Myndigheten f\u00f6r samh\u00e4llsskydd och beredskap<\/p>\n","protected":false},"excerpt":{"rendered":"\u201dEtt utpressningsangrepp (ransomware), kan inneb\u00e4ra att hela eller delar av en verksamhets it-system med dess information blir krypterad&hellip;\n","protected":false},"author":2,"featured_media":97211,"comment_status":"","ping_status":"","sticky":false,"template":"","format":"standard","meta":{"footnotes":""},"categories":[12],"tags":[22,23,26,27,17,21,24,25,28,29,15,16,18,34,31,33,32,30,19,20],"class_list":{"0":"post-97210","1":"post","2":"type-post","3":"status-publish","4":"format-standard","5":"has-post-thumbnail","7":"category-sverige","8":"tag-breaking-news","9":"tag-breakingnews","10":"tag-featured-news","11":"tag-featurednews","12":"tag-headlines","13":"tag-huvudnyheter","14":"tag-latest-news","15":"tag-latestnews","16":"tag-main-news","17":"tag-mainnews","18":"tag-news","19":"tag-nyheter","20":"tag-rubriker","21":"tag-se","22":"tag-svenska","23":"tag-sverige","24":"tag-sweden","25":"tag-swedish","26":"tag-top-stories","27":"tag-topstories"},"share_on_mastodon":{"url":"https:\/\/pubeurope.com\/@se\/115662245350290481","error":""},"_links":{"self":[{"href":"https:\/\/www.europesays.com\/se\/wp-json\/wp\/v2\/posts\/97210","targetHints":{"allow":["GET"]}}],"collection":[{"href":"https:\/\/www.europesays.com\/se\/wp-json\/wp\/v2\/posts"}],"about":[{"href":"https:\/\/www.europesays.com\/se\/wp-json\/wp\/v2\/types\/post"}],"author":[{"embeddable":true,"href":"https:\/\/www.europesays.com\/se\/wp-json\/wp\/v2\/users\/2"}],"replies":[{"embeddable":true,"href":"https:\/\/www.europesays.com\/se\/wp-json\/wp\/v2\/comments?post=97210"}],"version-history":[{"count":0,"href":"https:\/\/www.europesays.com\/se\/wp-json\/wp\/v2\/posts\/97210\/revisions"}],"wp:featuredmedia":[{"embeddable":true,"href":"https:\/\/www.europesays.com\/se\/wp-json\/wp\/v2\/media\/97211"}],"wp:attachment":[{"href":"https:\/\/www.europesays.com\/se\/wp-json\/wp\/v2\/media?parent=97210"}],"wp:term":[{"taxonomy":"category","embeddable":true,"href":"https:\/\/www.europesays.com\/se\/wp-json\/wp\/v2\/categories?post=97210"},{"taxonomy":"post_tag","embeddable":true,"href":"https:\/\/www.europesays.com\/se\/wp-json\/wp\/v2\/tags?post=97210"}],"curies":[{"name":"wp","href":"https:\/\/api.w.org\/{rel}","templated":true}]}}