{"id":97212,"date":"2025-12-04T16:29:15","date_gmt":"2025-12-04T16:29:15","guid":{"rendered":"https:\/\/www.europesays.com\/se\/97212\/"},"modified":"2025-12-04T16:29:15","modified_gmt":"2025-12-04T16:29:15","slug":"sd-politiker-avgar-hade-samling-med-nazistprylar","status":"publish","type":"post","link":"https:\/\/www.europesays.com\/se\/97212\/","title":{"rendered":"SD-politiker avg\u00e5r \u2013 hade samling med nazistprylar"},"content":{"rendered":"<p>Sverigedemokraten G\u00f6ran Hargestam l\u00e4mnar sitt uppdrag som riksdagsledamot, uppger partiets pressavdelning enligt TT. Beskedet kommer sedan Expressen avsl\u00f6jat att han f\u00f6rvarat en samling nazistprylar i en kontorsfastighet i Valdemarsvik. <\/p>\n<p>Samlingen har bland annat best\u00e5tt av en pokal med ett hakkors p\u00e5, tv\u00e5 exemplar av \u201dMein kampf\u201d och idolbilder p\u00e5 Adolf Hitler.<\/p>\n<p>Hargestam har f\u00f6rklarat samlingen med att han har ett milit\u00e4rhistoriskt intresse och har haft planer p\u00e5 att skriva en bok.<\/p>\n<p>\u201dMitt milit\u00e4rhistoriska intresse ska inte beh\u00f6va ligga mitt parti till last, \u00e4ven om jag har rent mj\u00f6l i p\u00e5sen\u201d, skriver han i en kommentar till TT.<\/p>\n<p>Omni \u00e4r politiskt obundna och oberoende. Vi str\u00e4var efter att ge fler perspektiv p\u00e5 nyheterna. Har du fr\u00e5gor eller synpunkter kring v\u00e5r rapportering? <a href=\"https:\/\/omni.se\/sd-politiker-avgar-efter-nazistavslojande\/a\/mailto:redaktion@omni.se\" class=\"ArticleActions_contactLink__W2F1M\" rel=\"nofollow noopener\" target=\"_blank\">Kontakta redaktionen<\/a><\/p>\n","protected":false},"excerpt":{"rendered":"Sverigedemokraten G\u00f6ran Hargestam l\u00e4mnar sitt uppdrag som riksdagsledamot, uppger partiets pressavdelning enligt TT. Beskedet kommer sedan Expressen avsl\u00f6jat&hellip;\n","protected":false},"author":2,"featured_media":97213,"comment_status":"","ping_status":"","sticky":false,"template":"","format":"standard","meta":{"footnotes":""},"categories":[5],"tags":[22,23,26,27,17,21,24,25,28,29,15,16,369,18,34,31,33,617,32,30,19,20],"class_list":{"0":"post-97212","1":"post","2":"type-post","3":"status-publish","4":"format-standard","5":"has-post-thumbnail","7":"category-rubriker","8":"tag-breaking-news","9":"tag-breakingnews","10":"tag-featured-news","11":"tag-featurednews","12":"tag-headlines","13":"tag-huvudnyheter","14":"tag-latest-news","15":"tag-latestnews","16":"tag-main-news","17":"tag-mainnews","18":"tag-news","19":"tag-nyheter","20":"tag-politik","21":"tag-rubriker","22":"tag-se","23":"tag-svenska","24":"tag-sverige","25":"tag-sverigedemokraterna","26":"tag-sweden","27":"tag-swedish","28":"tag-top-stories","29":"tag-topstories"},"share_on_mastodon":{"url":"https:\/\/pubeurope.com\/@se\/115662249280108042","error":""},"_links":{"self":[{"href":"https:\/\/www.europesays.com\/se\/wp-json\/wp\/v2\/posts\/97212","targetHints":{"allow":["GET"]}}],"collection":[{"href":"https:\/\/www.europesays.com\/se\/wp-json\/wp\/v2\/posts"}],"about":[{"href":"https:\/\/www.europesays.com\/se\/wp-json\/wp\/v2\/types\/post"}],"author":[{"embeddable":true,"href":"https:\/\/www.europesays.com\/se\/wp-json\/wp\/v2\/users\/2"}],"replies":[{"embeddable":true,"href":"https:\/\/www.europesays.com\/se\/wp-json\/wp\/v2\/comments?post=97212"}],"version-history":[{"count":0,"href":"https:\/\/www.europesays.com\/se\/wp-json\/wp\/v2\/posts\/97212\/revisions"}],"wp:featuredmedia":[{"embeddable":true,"href":"https:\/\/www.europesays.com\/se\/wp-json\/wp\/v2\/media\/97213"}],"wp:attachment":[{"href":"https:\/\/www.europesays.com\/se\/wp-json\/wp\/v2\/media?parent=97212"}],"wp:term":[{"taxonomy":"category","embeddable":true,"href":"https:\/\/www.europesays.com\/se\/wp-json\/wp\/v2\/categories?post=97212"},{"taxonomy":"post_tag","embeddable":true,"href":"https:\/\/www.europesays.com\/se\/wp-json\/wp\/v2\/tags?post=97212"}],"curies":[{"name":"wp","href":"https:\/\/api.w.org\/{rel}","templated":true}]}}