{"id":97214,"date":"2025-12-04T16:31:11","date_gmt":"2025-12-04T16:31:11","guid":{"rendered":"https:\/\/www.europesays.com\/se\/97214\/"},"modified":"2025-12-04T16:31:11","modified_gmt":"2025-12-04T16:31:11","slug":"hoglund-22-ny-assisterande-i-vsk-allsvenskan","status":"publish","type":"post","link":"https:\/\/www.europesays.com\/se\/97214\/","title":{"rendered":"H\u00f6glund, 22, ny assisterande i VSK &#8211; Allsvenskan"},"content":{"rendered":"<p>V\u00e4ster\u00e5s SK har sedan tidigare gjort skiften i tr\u00e4narstaben inf\u00f6r n\u00e4sta s\u00e4song, n\u00e4r laget \u00e4r tillbaka i allsvenskan. Alexander Rubin, som var assisterande tr\u00e4nare i \u00e5r, har utsetts till ny huvudtr\u00e4nare.<\/p>\n<p>Kalle Karlsson, huvudtr\u00e4nare i \u00e5r, g\u00e5r en os\u00e4ker framtid till m\u00f6tes, d\u00e5 han drar till sig intresse fr\u00e5n klubbar som Hammarby och AIK.<\/p>\n<p>Nu meddelar VSK att Anton H\u00f6glund \u00e4r klar som assisterande tr\u00e4nare till n\u00e4sta s\u00e4song. Det blir en intern l\u00f6sning, d\u00e5 H\u00f6glund n\u00e4rmast kommer fr\u00e5n rollen som \u00f6verg\u00e5ngstr\u00e4nare i klubben.<\/p>\n<p>H\u00f6glund \u00e4r blott 22 \u00e5r gammal och kom till VSK inf\u00f6r s\u00e4songen 2023. Inf\u00f6r den h\u00e4r s\u00e4songen flyttades han upp fr\u00e5n akademin till seniorlaget, d\u00e4r han agerat \u00f6verg\u00e5ngstr\u00e4nare och haft extra ansvar f\u00f6r utvecklingen av &#8221;\u00f6verg\u00e5ngsspelarna&#8221; mellan akademi och A-lag.<\/p>\n","protected":false},"excerpt":{"rendered":"V\u00e4ster\u00e5s SK har sedan tidigare gjort skiften i tr\u00e4narstaben inf\u00f6r n\u00e4sta s\u00e4song, n\u00e4r laget \u00e4r tillbaka i allsvenskan.&hellip;\n","protected":false},"author":2,"featured_media":97215,"comment_status":"","ping_status":"","sticky":false,"template":"","format":"standard","meta":{"footnotes":""},"categories":[68],"tags":[34,111,110,31,33,32,30],"class_list":{"0":"post-97214","1":"post","2":"type-post","3":"status-publish","4":"format-standard","5":"has-post-thumbnail","7":"category-sport","8":"tag-se","9":"tag-sport","10":"tag-sports","11":"tag-svenska","12":"tag-sverige","13":"tag-sweden","14":"tag-swedish"},"share_on_mastodon":{"url":"https:\/\/pubeurope.com\/@se\/115662257318914912","error":""},"_links":{"self":[{"href":"https:\/\/www.europesays.com\/se\/wp-json\/wp\/v2\/posts\/97214","targetHints":{"allow":["GET"]}}],"collection":[{"href":"https:\/\/www.europesays.com\/se\/wp-json\/wp\/v2\/posts"}],"about":[{"href":"https:\/\/www.europesays.com\/se\/wp-json\/wp\/v2\/types\/post"}],"author":[{"embeddable":true,"href":"https:\/\/www.europesays.com\/se\/wp-json\/wp\/v2\/users\/2"}],"replies":[{"embeddable":true,"href":"https:\/\/www.europesays.com\/se\/wp-json\/wp\/v2\/comments?post=97214"}],"version-history":[{"count":0,"href":"https:\/\/www.europesays.com\/se\/wp-json\/wp\/v2\/posts\/97214\/revisions"}],"wp:featuredmedia":[{"embeddable":true,"href":"https:\/\/www.europesays.com\/se\/wp-json\/wp\/v2\/media\/97215"}],"wp:attachment":[{"href":"https:\/\/www.europesays.com\/se\/wp-json\/wp\/v2\/media?parent=97214"}],"wp:term":[{"taxonomy":"category","embeddable":true,"href":"https:\/\/www.europesays.com\/se\/wp-json\/wp\/v2\/categories?post=97214"},{"taxonomy":"post_tag","embeddable":true,"href":"https:\/\/www.europesays.com\/se\/wp-json\/wp\/v2\/tags?post=97214"}],"curies":[{"name":"wp","href":"https:\/\/api.w.org\/{rel}","templated":true}]}}