{"id":97219,"date":"2025-12-04T16:37:10","date_gmt":"2025-12-04T16:37:10","guid":{"rendered":"https:\/\/www.europesays.com\/se\/97219\/"},"modified":"2025-12-04T16:37:10","modified_gmt":"2025-12-04T16:37:10","slug":"officiellt-marcelo-fernandez-lamnar-djurgarden-damallsvenskan","status":"publish","type":"post","link":"https:\/\/www.europesays.com\/se\/97219\/","title":{"rendered":"Officiellt: Marcelo Fernandez l\u00e4mnar Djurg\u00e5rden &#8211; Damallsvenskan"},"content":{"rendered":"<p>Det blir ingen forts\u00e4ttning f\u00f6r Marcelo Fernandez i Djurg\u00e5rden. Huvudtr\u00e4naren l\u00e4mnar klubben i samband med att hans avtal l\u00f6per ut vid \u00e5rsskiftet, bekr\u00e4ftar Djurg\u00e5rden.<\/p>\n<p>Sportchef Jean Balawo s\u00e4ger i en kommentar p\u00e5 Djurg\u00e5rdens hemsida:<\/p>\n<p>&#8211; Nu v\u00e4ntar ett nytt sportsligt v\u00e4gval d\u00e4r vi letar efter en annan profil under de kommande \u00e5ren, d\u00e5 vi vill ta n\u00e4sta kliv och g\u00e5 en ny v\u00e4g av strategiska sk\u00e4l. S\u00e5 d\u00e4rmed lyfter vi p\u00e5 hatten och riktar ett stort tack till Marcelo f\u00f6r hans v\u00e4rdefulla insatser och prestationer i Djurg\u00e5rden och \u00f6nskar ett stort lycka till p\u00e5 den framtida fotbollsresan.<\/p>\n<p>Djurg\u00e5rdens damlag var l\u00e4nge med och slogs om en Europaplats i damallsvenskan. N\u00e4r s\u00e4songen var summerad gick den platsen till nykomlingen Malm\u00f6 FF och Dif landade in p\u00e5 en fj\u00e4rdeplats. Det inneb\u00e4r att man gjorde sin klart b\u00e4sta s\u00e4song p\u00e5 l\u00e4nge.<\/p>\n<p>Fernandez kom till Dif fr\u00e5n BP under s\u00e4songen 2023. Djurg\u00e5rden hade haft en blytung s\u00e4song men lyckades klara sig kvar. I fjol distanserade man sig fr\u00e5n bottenstriden n\u00e4r man landade in som sjua, men det var f\u00f6rst i \u00e5r som det lossnade ordentligt.<\/p>\n<p>Fernandez har suttit p\u00e5 ett utg\u00e5ende kontrakt. Nu st\u00e5r det klart att det inte f\u00f6rl\u00e4ngs och han l\u00e4mnar s\u00e5ledes klubben.<\/p>\n<p>Totalt blev det 67 t\u00e4vlingsmatcher f\u00f6r Fernandez i Djurg\u00e5rden.<\/p>\n<p>Fotbollskanalen s\u00f6ker Marcelo Fernandez och Jean Balawo.<\/p>\n","protected":false},"excerpt":{"rendered":"Det blir ingen forts\u00e4ttning f\u00f6r Marcelo Fernandez i Djurg\u00e5rden. Huvudtr\u00e4naren l\u00e4mnar klubben i samband med att hans avtal&hellip;\n","protected":false},"author":2,"featured_media":97220,"comment_status":"","ping_status":"","sticky":false,"template":"","format":"standard","meta":{"footnotes":""},"categories":[5],"tags":[22,23,26,27,17,21,24,25,28,29,15,16,18,34,31,33,32,30,19,20],"class_list":{"0":"post-97219","1":"post","2":"type-post","3":"status-publish","4":"format-standard","5":"has-post-thumbnail","7":"category-rubriker","8":"tag-breaking-news","9":"tag-breakingnews","10":"tag-featured-news","11":"tag-featurednews","12":"tag-headlines","13":"tag-huvudnyheter","14":"tag-latest-news","15":"tag-latestnews","16":"tag-main-news","17":"tag-mainnews","18":"tag-news","19":"tag-nyheter","20":"tag-rubriker","21":"tag-se","22":"tag-svenska","23":"tag-sverige","24":"tag-sweden","25":"tag-swedish","26":"tag-top-stories","27":"tag-topstories"},"share_on_mastodon":{"url":"https:\/\/pubeurope.com\/@se\/115662280649828109","error":""},"_links":{"self":[{"href":"https:\/\/www.europesays.com\/se\/wp-json\/wp\/v2\/posts\/97219","targetHints":{"allow":["GET"]}}],"collection":[{"href":"https:\/\/www.europesays.com\/se\/wp-json\/wp\/v2\/posts"}],"about":[{"href":"https:\/\/www.europesays.com\/se\/wp-json\/wp\/v2\/types\/post"}],"author":[{"embeddable":true,"href":"https:\/\/www.europesays.com\/se\/wp-json\/wp\/v2\/users\/2"}],"replies":[{"embeddable":true,"href":"https:\/\/www.europesays.com\/se\/wp-json\/wp\/v2\/comments?post=97219"}],"version-history":[{"count":0,"href":"https:\/\/www.europesays.com\/se\/wp-json\/wp\/v2\/posts\/97219\/revisions"}],"wp:featuredmedia":[{"embeddable":true,"href":"https:\/\/www.europesays.com\/se\/wp-json\/wp\/v2\/media\/97220"}],"wp:attachment":[{"href":"https:\/\/www.europesays.com\/se\/wp-json\/wp\/v2\/media?parent=97219"}],"wp:term":[{"taxonomy":"category","embeddable":true,"href":"https:\/\/www.europesays.com\/se\/wp-json\/wp\/v2\/categories?post=97219"},{"taxonomy":"post_tag","embeddable":true,"href":"https:\/\/www.europesays.com\/se\/wp-json\/wp\/v2\/tags?post=97219"}],"curies":[{"name":"wp","href":"https:\/\/api.w.org\/{rel}","templated":true}]}}