{"id":97316,"date":"2025-12-04T18:21:08","date_gmt":"2025-12-04T18:21:08","guid":{"rendered":"https:\/\/www.europesays.com\/se\/97316\/"},"modified":"2025-12-04T18:21:08","modified_gmt":"2025-12-04T18:21:08","slug":"nato-larmet-om-usa-kontakten-verkligen-brutits","status":"publish","type":"post","link":"https:\/\/www.europesays.com\/se\/97316\/","title":{"rendered":"Nato-larmet om USA: \u201dKontakten verkligen brutits\u201d"},"content":{"rendered":"<p>Publicerad 4 dec 2025 kl 18.44Uppdaterad kl 19.12<\/p>\n<p>Kommunikationen mellan USA och Tysklands milit\u00e4rer har n\u00e4stan helt upph\u00f6rt.<\/p>\n<p>Det larmar den tyske toppgeneralen Christian Freuding.<\/p>\n<p>Senaste nyhetsklippen fr\u00e5n Expressen.<img   alt=\"\"\/><\/p>\n<p>Den tyske generalmajoren Chrisian Freuding menar att kontakten med USA n\u00e4stan helt har upph\u00f6rt.<\/p>\n<p>Foto: Pavlo Bahmut \/ TT NYHETSBYR\u00c5N<\/p>\n<p>\u00d6ppna bild i helsk\u00e4rm<img loading=\"lazy\"   alt=\"\"\/><\/p>\n<p>USA:s president Donald Trump<\/p>\n<p>Foto: WILL OLIVER &#8211; VIA CNP \/ POLARIS POLARIS IMAGES<\/p>\n<p>\u00d6ppna bild i helsk\u00e4rm<\/p>\n<p>\u2013 Tidigare kunde jag skicka sms dag och natt. Nu har kontakten brutits \u2013 verkligen brutits, s\u00e4ger han i en intervju med amerikanska <a href=\"https:\/\/www.theatlantic.com\/magazine\/2026\/01\/german-militarism-european-security\/684951\/\" rel=\"nofollow noopener\" target=\"_blank\">The Atlantic<\/a>.<\/p>\n<p>Generalmajor Freuding, som \u00e4r arm\u00e9inspekt\u00f6r i den tyska f\u00f6rsvarsmakten och fram tills nyligen var ansvarig f\u00f6r samordningen av milit\u00e4rt st\u00f6d till Ukraina, beskriver att situationen har blivit s\u00e5 allvarlig att han nyligen tvingades v\u00e4nda sig till den tyska ambassaden i Washington f\u00f6r att f\u00e5 besked om den amerikanska linjen i s\u00e4kerhetspolitiska fr\u00e5gor.<\/p>\n<p>\u201dF\u00f6rlorat en god v\u00e4n\u201d<\/p>\n<p>\u2013 Du har en fiende som knackar p\u00e5 din d\u00f6rr och samtidigt f\u00f6rlorar du en god v\u00e4n, s\u00e4ger han och syftar p\u00e5 kombinationen av Vladimir Putins Ryssland och Donald Trumps f\u00f6r\u00e4ndrade USA.<\/p>\n<p>Kommunikationsbristerna har redan lett till konkreta problem. Till exempel informerades inte <a href=\"https:\/\/www.expressen.se\/tagg\/location\/tyskland\/\" class=\"\" rel=\"nofollow noopener\" target=\"_blank\">Tyskland<\/a> n\u00e4r USA pl\u00f6tsligt stoppade sina vapenleveranser till Ukraina f\u00f6r n\u00e5gra m\u00e5nader sedan. Enligt medieuppgifter k\u00e4nde inte ens Vita huset till beslutet, som ska ha fattats direkt inom f\u00f6rsvarsdepartementet.<\/p>\n<p>Rubio skippar Nato-m\u00f6te<\/p>\n<p>Freudings uttalande kommer samtidigt som den amerikanske utrikesministern Marco Rubio <a href=\"https:\/\/www.expressen.se\/nyheter\/expressen-direkt\/?post=780e9a4d-e8a6-4f31-9b8d-fb4f8e7acbd1\" rel=\"nofollow noopener\" target=\"_blank\">ov\u00e4ntat st\u00e4llt in sin medverkan<\/a> vid ett l\u00e4nge planerat Nato-utrikesministerm\u00f6te i Bryssel. Att USA representeras av en vice minister i st\u00e4llet beskrivs av diplomater som \u201dytterst ovanligt\u201d i ett s\u00e5 k\u00e4nsligt l\u00e4ge.<\/p>\n<p>Till exempel skrev rum\u00e4nskan Oana Lungescu, som var Natos talesperson mellan 2010 och 2023 att hon inte kunde minnas n\u00e5got liknande i modern tid.<\/p>\n<p>\u201dDet skulle s\u00e4nda fel signal, s\u00e4rskilt nu n\u00e4r USA borde samordna sig \u00e4nnu n\u00e4rmare sin europeiska allierade kring Ukraina, kommenterade hon p\u00e5 <a href=\"https:\/\/x.com\/LungescuOana\/status\/1994747455347593337\" rel=\"nofollow\">X<\/a>.<\/p>\n<p>Bilderna visar n\u00e4r lasern avfyras \u2022 \u201dMilstolpe\u201d.<\/p>\n","protected":false},"excerpt":{"rendered":"Publicerad 4 dec 2025 kl 18.44Uppdaterad kl 19.12 Kommunikationen mellan USA och Tysklands milit\u00e4rer har n\u00e4stan helt upph\u00f6rt.&hellip;\n","protected":false},"author":2,"featured_media":97317,"comment_status":"","ping_status":"","sticky":false,"template":"","format":"standard","meta":{"footnotes":""},"categories":[14],"tags":[50,22,23,26,27,17,21,24,25,57,45,28,29,15,16,1401,18,34,55,31,33,32,30,19,49,20,51,52,53,54],"class_list":{"0":"post-97316","1":"post","2":"type-post","3":"status-publish","4":"format-standard","5":"has-post-thumbnail","7":"category-varlden","8":"tag-arme-forsvar","9":"tag-breaking-news","10":"tag-breakingnews","11":"tag-featured-news","12":"tag-featurednews","13":"tag-headlines","14":"tag-huvudnyheter","15":"tag-latest-news","16":"tag-latestnews","17":"tag-location-tyskland","18":"tag-location-usa","19":"tag-main-news","20":"tag-mainnews","21":"tag-news","22":"tag-nyheter","23":"tag-organization-nato","24":"tag-rubriker","25":"tag-se","26":"tag-sections-varlden","27":"tag-svenska","28":"tag-sverige","29":"tag-sweden","30":"tag-swedish","31":"tag-top-stories","32":"tag-topic-militar","33":"tag-topstories","34":"tag-varlden","35":"tag-world","36":"tag-world-news","37":"tag-worldnews"},"share_on_mastodon":{"url":"https:\/\/pubeurope.com\/@se\/115662689643170990","error":""},"_links":{"self":[{"href":"https:\/\/www.europesays.com\/se\/wp-json\/wp\/v2\/posts\/97316","targetHints":{"allow":["GET"]}}],"collection":[{"href":"https:\/\/www.europesays.com\/se\/wp-json\/wp\/v2\/posts"}],"about":[{"href":"https:\/\/www.europesays.com\/se\/wp-json\/wp\/v2\/types\/post"}],"author":[{"embeddable":true,"href":"https:\/\/www.europesays.com\/se\/wp-json\/wp\/v2\/users\/2"}],"replies":[{"embeddable":true,"href":"https:\/\/www.europesays.com\/se\/wp-json\/wp\/v2\/comments?post=97316"}],"version-history":[{"count":0,"href":"https:\/\/www.europesays.com\/se\/wp-json\/wp\/v2\/posts\/97316\/revisions"}],"wp:featuredmedia":[{"embeddable":true,"href":"https:\/\/www.europesays.com\/se\/wp-json\/wp\/v2\/media\/97317"}],"wp:attachment":[{"href":"https:\/\/www.europesays.com\/se\/wp-json\/wp\/v2\/media?parent=97316"}],"wp:term":[{"taxonomy":"category","embeddable":true,"href":"https:\/\/www.europesays.com\/se\/wp-json\/wp\/v2\/categories?post=97316"},{"taxonomy":"post_tag","embeddable":true,"href":"https:\/\/www.europesays.com\/se\/wp-json\/wp\/v2\/tags?post=97316"}],"curies":[{"name":"wp","href":"https:\/\/api.w.org\/{rel}","templated":true}]}}