{"id":97324,"date":"2025-12-04T18:31:08","date_gmt":"2025-12-04T18:31:08","guid":{"rendered":"https:\/\/www.europesays.com\/se\/97324\/"},"modified":"2025-12-04T18:31:08","modified_gmt":"2025-12-04T18:31:08","slug":"israel-tillats-tavla-i-esc-tre-lander-bojkottar","status":"publish","type":"post","link":"https:\/\/www.europesays.com\/se\/97324\/","title":{"rendered":"Israel till\u00e5ts t\u00e4vla i ESC \u2013 tre l\u00e4nder bojkottar"},"content":{"rendered":"<p>Israel till\u00e5ts delta i n\u00e4sta \u00e5rs Eurovision Song Contest, rapporterar Reuters. Det st\u00e5r klart efter att medlemsl\u00e4ndernas public service-bolag antagit EBU:s nya regler. <\/p>\n<p>Flera av medlemsl\u00e4nderna har tidigare kritiserat landets medverkan med anledning av kriget i Gaza, men enligt arrang\u00f6ren finns starkt st\u00f6d f\u00f6r regelverket. <\/p>\n<p>Irland, Spanien och Nederl\u00e4nderna t\u00e4nker dock bojkotta t\u00e4vlingen i och med beskedet, skriver nyhetsbyr\u00e5n med h\u00e4nvisning till medier i de tre l\u00e4nderna. <\/p>\n<p>Omni \u00e4r politiskt obundna och oberoende. Vi str\u00e4var efter att ge fler perspektiv p\u00e5 nyheterna. Har du fr\u00e5gor eller synpunkter kring v\u00e5r rapportering? <a href=\"https:\/\/omni.se\/uppgift-inget-nej-till-israel-i-eurovision\/a\/mailto:redaktion@omni.se\" class=\"ArticleActions_contactLink__W2F1M\" rel=\"nofollow noopener\" target=\"_blank\">Kontakta redaktionen<\/a><\/p>\n","protected":false},"excerpt":{"rendered":"Israel till\u00e5ts delta i n\u00e4sta \u00e5rs Eurovision Song Contest, rapporterar Reuters. Det st\u00e5r klart efter att medlemsl\u00e4ndernas public&hellip;\n","protected":false},"author":2,"featured_media":97325,"comment_status":"","ping_status":"","sticky":false,"template":"","format":"standard","meta":{"footnotes":""},"categories":[5],"tags":[22,23,3243,26,27,17,21,342,24,25,28,29,172,15,16,18,34,31,33,32,30,19,20],"class_list":{"0":"post-97324","1":"post","2":"type-post","3":"status-publish","4":"format-standard","5":"has-post-thumbnail","7":"category-rubriker","8":"tag-breaking-news","9":"tag-breakingnews","10":"tag-eurovision-song-contest","11":"tag-featured-news","12":"tag-featurednews","13":"tag-headlines","14":"tag-huvudnyheter","15":"tag-israel","16":"tag-latest-news","17":"tag-latestnews","18":"tag-main-news","19":"tag-mainnews","20":"tag-musik","21":"tag-news","22":"tag-nyheter","23":"tag-rubriker","24":"tag-se","25":"tag-svenska","26":"tag-sverige","27":"tag-sweden","28":"tag-swedish","29":"tag-top-stories","30":"tag-topstories"},"share_on_mastodon":{"url":"https:\/\/pubeurope.com\/@se\/115662728897927094","error":""},"_links":{"self":[{"href":"https:\/\/www.europesays.com\/se\/wp-json\/wp\/v2\/posts\/97324","targetHints":{"allow":["GET"]}}],"collection":[{"href":"https:\/\/www.europesays.com\/se\/wp-json\/wp\/v2\/posts"}],"about":[{"href":"https:\/\/www.europesays.com\/se\/wp-json\/wp\/v2\/types\/post"}],"author":[{"embeddable":true,"href":"https:\/\/www.europesays.com\/se\/wp-json\/wp\/v2\/users\/2"}],"replies":[{"embeddable":true,"href":"https:\/\/www.europesays.com\/se\/wp-json\/wp\/v2\/comments?post=97324"}],"version-history":[{"count":0,"href":"https:\/\/www.europesays.com\/se\/wp-json\/wp\/v2\/posts\/97324\/revisions"}],"wp:featuredmedia":[{"embeddable":true,"href":"https:\/\/www.europesays.com\/se\/wp-json\/wp\/v2\/media\/97325"}],"wp:attachment":[{"href":"https:\/\/www.europesays.com\/se\/wp-json\/wp\/v2\/media?parent=97324"}],"wp:term":[{"taxonomy":"category","embeddable":true,"href":"https:\/\/www.europesays.com\/se\/wp-json\/wp\/v2\/categories?post=97324"},{"taxonomy":"post_tag","embeddable":true,"href":"https:\/\/www.europesays.com\/se\/wp-json\/wp\/v2\/tags?post=97324"}],"curies":[{"name":"wp","href":"https:\/\/api.w.org\/{rel}","templated":true}]}}