{"id":97370,"date":"2025-12-04T19:18:16","date_gmt":"2025-12-04T19:18:16","guid":{"rendered":"https:\/\/www.europesays.com\/se\/97370\/"},"modified":"2025-12-04T19:18:16","modified_gmt":"2025-12-04T19:18:16","slug":"magdalena-anderssons-bok-helhjartat-ger-inga-svar","status":"publish","type":"post","link":"https:\/\/www.europesays.com\/se\/97370\/","title":{"rendered":"Magdalena Anderssons bok Helhj\u00e4rtat ger inga svar"},"content":{"rendered":"<p>Karin Pihl<\/p>\n<p>Publicerad 4 dec 2025 kl 18.00<\/p>\n<p>S-ledaren Magdalena Anderssons nya bok pendlar mellan Tiktokfl\u00f6de och SO-lektion. Var \u00e4r statsmannaauran?<\/p>\n<p><img   alt=\"\"\/><\/p>\n<p>Magdalena Andersson \u00e4r aktuell med sin bok \u201dHelhj\u00e4rtat\u201d (Atlas f\u00f6rlag).<\/p>\n<p>Foto: Christine Olsson\/TT \/ TT NYHETSBYR\u00c5N<\/p>\n<p>\u00d6ppna bild i helsk\u00e4rm<img loading=\"lazy\"   alt=\"\"\/><\/p>\n<p>N\u00e5got mer m\u00e5ste S ha att erbjuda v\u00e4ljarna \u00e4n det som framkommer i boken.<\/p>\n<p>Foto: Jeppe Gustafsson \/ IBL<\/p>\n<p>\u00d6ppna bild i helsk\u00e4rm<\/p>\n<p>Detta \u00e4r en kr\u00f6nika fr\u00e5n Expressens ledarredaktion. Expressens politiska h\u00e5llning \u00e4r liberal.<\/p>\n<p><img   alt=\"\"\/>Karin Pihl<\/p>\n<p><a href=\"https:\/\/www.expressen.se\/tagg\/organization\/socialdemokraterna\/\" class=\"\" rel=\"nofollow noopener\" target=\"_blank\">Socialdemokraternas<\/a> starka kort i valr\u00f6relsen 2022 var att de, till skillnad fr\u00e5n Moderaterna, hade en president som kandidat. Det var s\u00e5 Magdalena Andersson framst\u00e4lldes, v\u00e4rldsvan med studiebakgrund fr\u00e5n Harvard.<\/p>\n<p>Nyligen lanserades hennes bok \u201dHelhj\u00e4rtat\u201d (Atlas), som enligt baksidan ska ge l\u00e4saren en f\u00f6rst\u00e5else f\u00f6r vem hon egentligen \u00e4r, vad som driver henne och varf\u00f6r hon \u00e4r socialdemokrat. Allt skildrat med \u201dpersonlig r\u00f6st och politisk sk\u00e4rpa\u201d.<\/p>\n<p><strong>Men det \u00e4r inte en presidentkandidat som stakar ut sina ideologiska linjer utifr\u00e5n djupa analyser av samtiden. Om planen var att \u00e5terlansera Andersson som Socialdemokraternas presidentkandidat inf\u00f6r valet n\u00e4sta \u00e5r misslyckas man.\u00a0<\/strong><\/p>\n<p>H\u00e4r och d\u00e4r finns intressanta passager och resonemang. Engagemang finns, inte minst n\u00e4r hon skriver om sin tidigare arbetsplats Skatteverket och vilken otrolig myndighet det \u00e4r. Men mest av allt k\u00e4nns de korta och hattiga kapitlen om socialdemokratins v\u00e4sen och dagspolitiska fr\u00e5gor som en SO-l\u00e4rares underlag till n\u00e4sta lektion. Eller ett Instagramfl\u00f6de i textformat, anpassat efter personer med utmanad koncentrationsf\u00f6rm\u00e5ga.\u00a0<\/p>\n<p>Substans saknas ofta.<\/p>\n<blockquote><p>En person som aspirerar p\u00e5 att bli Ledare f\u00f6r Landet borde kunna svara. Men icke.<\/p><\/blockquote>\n<p>S\u00e5 h\u00e4r l\u00e5ter det: Sverige saknar inte utmaningar. Men med stadiga reformer kommer Sverige att bli mer som Sverige igen. Det tycker Socialdemokraterna.<\/p>\n<p>HUR, fr\u00e5gar man sig, HUR ska det ske? En person som aspirerar p\u00e5 att bli Ledare f\u00f6r Landet borde kunna svara. Men icke.<\/p>\n<p>Stundtals undrar jag om boken faktiskt \u00e4r skriven f\u00f6r en yngre m\u00e5lgrupp. Socialdemokraterna har ju problem med att locka unga. S\u00e5 h\u00e4r skriver hon:<\/p>\n<p>\u201dAlla som v\u00e4xer upp i Sverige ska utbilda sig. Alla barn ska ha lika bra f\u00f6ruts\u00e4ttningar f\u00f6r ett bra liv, det \u00e4r en viktig utg\u00e5ngspunkt. D\u00e4rf\u00f6r ska alla barn f\u00e5 en bra utbildning [&#8230;] Alla som kan jobba ska jobba. N\u00e4r m\u00e5nga jobbar \u00f6kar tillv\u00e4xten och resurserna v\u00e4xer. Det handlar om resurser som kan g\u00e5 till skola, v\u00e5rd, omsorg, f\u00f6rsvar och poliser och allt annat vi beh\u00f6ver i samh\u00e4llet.\u201d\u00a0<\/p>\n<p><strong>Pedagogiskt om man vill f\u00e5 tio\u00e5ringar att f\u00f6rst\u00e5 den svenska v\u00e4lf\u00e4rdsmodellen, men som en skarp ideologisk analys from The next President of Sweden? Inte riktigt. F\u00f6r de yngre finns ju dessutom S-sajten <\/strong><a href=\"https:\/\/www.politikkollen.se\/\" rel=\"nofollow noopener\" target=\"_blank\"><strong>politikkollen.se<\/strong><\/a><strong>.<\/strong><\/p>\n<p>Statsmannam\u00e4ssigt k\u00e4nns det inte heller att blanda f\u00f6rvisso relevanta fr\u00e5gor som huruvida SVT ska s\u00e4nda alla VM-matcher i fotboll (\u201dm\u00e4nniskor ska inte beh\u00f6va k\u00f6pa abonnemang\u201d), strandskyddet och ABF:s budget med h\u00e4ndelser som Rysslands attack mot Ukraina och S-omsv\u00e4ngningen i Natofr\u00e5gan. Som ett textbaserat Instagramfl\u00f6de flyger kapitlen f\u00f6rbi, oavsett vad de avhandlar. N\u00e4r man tror att hon ska b\u00f6rja g\u00e5 in p\u00e5 djupet kommer n\u00e4sta \u00e4mne, pang tjong.<\/p>\n<p>Som exempel: \u201dN\u00e4r vi senare s\u00e4tter oss p\u00e5 planet hem \u00e4r hum\u00f6ret p\u00e5 topp. Det har varit en fantastisk dag och goda muffins.\u201d Det skriver hon i avslutningen p\u00e5 kapitlet om Natom\u00f6tet med Joe Biden. Tydligen hade Biden trugat ordentligt med fikabr\u00f6det.<\/p>\n<p>S\u00e5dana detaljer \u00e4r inte fel. De kan gestalta att ocks\u00e5 m\u00f6ten mellan de m\u00e4ktigaste \u00e4r m\u00f6ten mellan m\u00e4nniskor. Men i sammanhanget k\u00e4nns Anderssons \u201dkul anekdoter\u201d som ett stressat s\u00e4tt att f\u00f6rs\u00f6ka h\u00e5lla intresset uppe.<\/p>\n<p><strong>Varf\u00f6r? F\u00f6r att Socialdemokraternas kommunikationsavdelning t\u00e4nker att alla har Tiktokhj\u00e4rnor? Eller f\u00f6r att socialdemokratin inte har mer att erbjuda \u00e5r 2025?<\/strong><\/p>\n<p>Det g\u00e5r inte ihop med bilden av Magdalena Andersson som den lite tr\u00e5kiga men ultraseri\u00f6sa och p\u00e5l\u00e4sta ledaren. Hon f\u00e5r hoppas att v\u00e4ljarnas tiktokande \u00e4r v\u00e4rre \u00e4n v\u00e4ntat och att de inte ens orkar \u00f6ppna boken.<\/p>\n<p><strong>L\u00c4S MER: <\/strong><a href=\"https:\/\/www.expressen.se\/ledare\/ledare-s-forsoker-dolja-sitt-stora-svek-om-elen\/\" class=\"\" rel=\"nofollow noopener\" target=\"_blank\">LEDARE: S f\u00f6rs\u00f6ker d\u00f6lja sitt stora svek om elen<\/a><strong>L\u00c4S MER: <\/strong><a href=\"https:\/\/www.expressen.se\/ledare\/ledare-magdalena-anderssons-trollfabrik-ar-en-skam\/\" class=\"\" rel=\"nofollow noopener\" target=\"_blank\">LEDARE: Magdalena Anderssons trollfabrik \u00e4r en skam<\/a><strong>L\u00c4S MER: <\/strong><a href=\"https:\/\/www.expressen.se\/ledare\/linda-jerneck\/sanna-marins-bastubad-far-mig-att-skammas\/\" class=\"\" rel=\"nofollow noopener\" target=\"_blank\">Sanna Marins bastubad f\u00e5r mig att sk\u00e4mmas<\/a><a href=\"https:\/\/www.expressen.se\/nyhetsbrev\/\" title=\"Anm\u00e4l dig till ledarbrevet\" rel=\"nofollow noopener\" target=\"_blank\"><br \/>\n  <img decoding=\"async\" style=\"max-width:100%;display:block;\" src=\"https:\/\/www.europesays.com\/se\/wp-content\/uploads\/2025\/08\/640@60.jpg\"\/><br \/>\n<\/a><\/p>\n","protected":false},"excerpt":{"rendered":"Karin Pihl Publicerad 4 dec 2025 kl 18.00 S-ledaren Magdalena Anderssons nya bok pendlar mellan Tiktokfl\u00f6de och SO-lektion.&hellip;\n","protected":false},"author":2,"featured_media":97371,"comment_status":"","ping_status":"","sticky":false,"template":"","format":"standard","meta":{"footnotes":""},"categories":[12],"tags":[22,23,26,27,17,21,24,25,28,29,15,16,42,1458,423,1207,18,34,2610,31,33,32,30,19,152,652,20],"class_list":{"0":"post-97370","1":"post","2":"type-post","3":"status-publish","4":"format-standard","5":"has-post-thumbnail","7":"category-sverige","8":"tag-breaking-news","9":"tag-breakingnews","10":"tag-featured-news","11":"tag-featurednews","12":"tag-headlines","13":"tag-huvudnyheter","14":"tag-latest-news","15":"tag-latestnews","16":"tag-main-news","17":"tag-mainnews","18":"tag-news","19":"tag-nyheter","20":"tag-organization-moderaterna","21":"tag-organization-socialdemokraterna","22":"tag-organization-tiktok","23":"tag-person-magdalena-andersson","24":"tag-rubriker","25":"tag-se","26":"tag-sections-karinpihl","27":"tag-svenska","28":"tag-sverige","29":"tag-sweden","30":"tag-swedish","31":"tag-top-stories","32":"tag-topic-inrikespolitik","33":"tag-topic-skola-utbildning","34":"tag-topstories"},"share_on_mastodon":{"url":"https:\/\/pubeurope.com\/@se\/115662914176235311","error":""},"_links":{"self":[{"href":"https:\/\/www.europesays.com\/se\/wp-json\/wp\/v2\/posts\/97370","targetHints":{"allow":["GET"]}}],"collection":[{"href":"https:\/\/www.europesays.com\/se\/wp-json\/wp\/v2\/posts"}],"about":[{"href":"https:\/\/www.europesays.com\/se\/wp-json\/wp\/v2\/types\/post"}],"author":[{"embeddable":true,"href":"https:\/\/www.europesays.com\/se\/wp-json\/wp\/v2\/users\/2"}],"replies":[{"embeddable":true,"href":"https:\/\/www.europesays.com\/se\/wp-json\/wp\/v2\/comments?post=97370"}],"version-history":[{"count":0,"href":"https:\/\/www.europesays.com\/se\/wp-json\/wp\/v2\/posts\/97370\/revisions"}],"wp:featuredmedia":[{"embeddable":true,"href":"https:\/\/www.europesays.com\/se\/wp-json\/wp\/v2\/media\/97371"}],"wp:attachment":[{"href":"https:\/\/www.europesays.com\/se\/wp-json\/wp\/v2\/media?parent=97370"}],"wp:term":[{"taxonomy":"category","embeddable":true,"href":"https:\/\/www.europesays.com\/se\/wp-json\/wp\/v2\/categories?post=97370"},{"taxonomy":"post_tag","embeddable":true,"href":"https:\/\/www.europesays.com\/se\/wp-json\/wp\/v2\/tags?post=97370"}],"curies":[{"name":"wp","href":"https:\/\/api.w.org\/{rel}","templated":true}]}}