{"id":97421,"date":"2025-12-04T20:45:14","date_gmt":"2025-12-04T20:45:14","guid":{"rendered":"https:\/\/www.europesays.com\/se\/97421\/"},"modified":"2025-12-04T20:45:14","modified_gmt":"2025-12-04T20:45:14","slug":"putins-ex-general-i-sallsynt-kritik-vi-var-oforberedda","status":"publish","type":"post","link":"https:\/\/www.europesays.com\/se\/97421\/","title":{"rendered":"Putins ex-general i s\u00e4llsynt kritik: \u201dVi var of\u00f6rberedda\u201d"},"content":{"rendered":"<p>Putins tidigare arm\u00e9chef, Vladimir Tjirkin, riktar s\u00e4llsynt offentlig kritik mot den ryska milit\u00e4rledningen och invasionen av Ukraina.<\/p>\n<p>\u2013 Vi har l\u00e4rt oss en h\u00e5rd l\u00e4xa, konstaterar han.<\/p>\n<p>Senaste klippen om kriget i Ukraina.<img   alt=\"\"\/><\/p>\n<p>Rysslands tidigare arm\u00e9chef, Vladimir Tjirkin, g\u00f6r ett ovanligt \u00f6ppet bokslut \u00f6ver Rysslands invasion av Ukraina.<\/p>\n<p>Foto: Rysslands f\u00f6rsvarsdepartement<\/p>\n<p>\u00d6ppna bild i helsk\u00e4rm<img loading=\"lazy\"   alt=\"\"\/><\/p>\n<p>Tjirkin avsattes av president Vladimir Putin efter misstankar om korruption.<\/p>\n<p>Foto: ALEXANDER SHCHERBAK\/SPUTNIK\/KREMLIN \/ POO \/ EPA SPUTNIK POOL<\/p>\n<p>\u00d6ppna bild i helsk\u00e4rm<img loading=\"lazy\"   alt=\"\"\/><\/p>\n<p>Ryska soldater i Donetsk.<\/p>\n<p>Foto: UKRINFORM\/SHUTTERSTOCK \/ SHUTTERSTOCK EDITORIAL\/IBL<\/p>\n<p>\u00d6ppna bild i helsk\u00e4rm<img loading=\"lazy\"   alt=\"\"\/><\/p>\n<p>Vladimir Putin.<\/p>\n<p>Foto: AP \/ AP TT NYHETSBYR\u00c5N<\/p>\n<p>\u00d6ppna bild i helsk\u00e4rm<\/p>\n<p>Kritiken framf\u00f6rdes i en intervju med den ryska tv-kanalen RBC den 27 november, rapporterar tyska <a href=\"https:\/\/www.tagesspiegel.de\/internationales\/wir-haben-uns-traditionell-uberschatzt-russlands-ex-heereschef-raumt-offentlich-fehler-zu-beginn-des-ukrainekriegs-ein-15013584.html\" rel=\"nofollow noopener\" target=\"_blank\">Tagesspiegel<\/a>.<\/p>\n<p>I intervjun beskriver Tjirkin, som var bef\u00e4lhavare f\u00f6r de ryska markstyrkorna mellan 2012 och 2013, hur missvisande underr\u00e4ttelser, politiska felbed\u00f6mningar och en \u00f6vertro p\u00e5 den egna arm\u00e9n ledde till att invasionen av Ukraina gick betydligt s\u00e4mre \u00e4n vad Kreml r\u00e4knat med.<\/p>\n<p>\u2013 Som du s\u00e4kert minns sa alla den 24 februari att kriget skulle vara \u00f6ver p\u00e5 tre dagar. Det var en attityd av: \u201dNu g\u00f6r vi slut p\u00e5 dem\u201d, s\u00e4ger han till programledaren.<\/p>\n<p>Matades med felaktiga uppgifter<\/p>\n<p>Tjirkin anklagar underr\u00e4ttelsetj\u00e4nsten f\u00f6r att ha matat milit\u00e4rledningen med uppgifter om att stora delar av den ukrainska befolkningen skulle v\u00e4lkomna de ryska trupperna, och menar att detta bidrog till en felaktig strategi redan fr\u00e5n dag ett.<\/p>\n<p>\u2013 Vi trodde att 70 procent av ukrainarna var f\u00f6r oss och 30 procent emot oss. Men det visade sig vara precis tv\u00e4rtom, s\u00e4ger han.<\/p>\n<p>Den f\u00f6re detta arm\u00e9chefen riktar \u00e4ven kritik mot <a href=\"https:\/\/www.expressen.se\/tagg\/location\/ryssland\/\" class=\"\" rel=\"nofollow noopener\" target=\"_blank\">Rysslands<\/a> bristande f\u00f6reberedelser.<\/p>\n<p>\u2013 Jag vill inte kritisera n\u00e5gon, men enligt min uppfattning var Ryssland \u00e5terigen inte f\u00f6rberett p\u00e5 ett krig, s\u00e4ger Tjirkin.<\/p>\n<p>\u2013 Vi har traditionellt underskattat fienden och \u00f6verskattat v\u00e5ra egna styrkor, forts\u00e4tter han.<\/p>\n<p>\u201dL\u00e4rt oss en h\u00e5rd l\u00e4xa\u201d<\/p>\n<p>Tjirkin f\u00f6rklarar denna \u00f6vertro med det han kallar \u201dTbilisi-syndromet\u201d, en h\u00e4nvisning till femdagarskriget mot Georgien 2008, d\u00e5 Moskva snabbt tog kontroll \u00f6ver Sydossetien och Abchazien.\u00a0<\/p>\n<p>\u2013 N\u00e4r det g\u00e4ller Ukraina gick det tyv\u00e4rr annorlunda. Vi har l\u00e4rt oss en h\u00e5rd l\u00e4xa, konstaterar han.<\/p>\n<p>Vladimir Tjirkin avskedades av president Vladimir Putin i december 2013 efter misstankar om korruption.<\/p>\n<p>H\u00e4r sl\u00e5r Ukraina ut \u201dPutins h\u00e4nder.\u201d<\/p>\n","protected":false},"excerpt":{"rendered":"Putins tidigare arm\u00e9chef, Vladimir Tjirkin, riktar s\u00e4llsynt offentlig kritik mot den ryska milit\u00e4rledningen och invasionen av Ukraina. \u2013&hellip;\n","protected":false},"author":2,"featured_media":97422,"comment_status":"","ping_status":"","sticky":false,"template":"","format":"standard","meta":{"footnotes":""},"categories":[14],"tags":[50,22,23,26,27,17,21,24,25,274,202,28,29,15,276,16,203,18,34,55,31,33,32,30,19,49,20,51,52,53,54],"class_list":{"0":"post-97421","1":"post","2":"type-post","3":"status-publish","4":"format-standard","5":"has-post-thumbnail","7":"category-varlden","8":"tag-arme-forsvar","9":"tag-breaking-news","10":"tag-breakingnews","11":"tag-featured-news","12":"tag-featurednews","13":"tag-headlines","14":"tag-huvudnyheter","15":"tag-latest-news","16":"tag-latestnews","17":"tag-location-ryssland","18":"tag-location-ukraina","19":"tag-main-news","20":"tag-mainnews","21":"tag-news","22":"tag-newsstory-kriget-i-ukraina","23":"tag-nyheter","24":"tag-person-vladimir-putin","25":"tag-rubriker","26":"tag-se","27":"tag-sections-varlden","28":"tag-svenska","29":"tag-sverige","30":"tag-sweden","31":"tag-swedish","32":"tag-top-stories","33":"tag-topic-militar","34":"tag-topstories","35":"tag-varlden","36":"tag-world","37":"tag-world-news","38":"tag-worldnews"},"share_on_mastodon":{"url":"https:\/\/pubeurope.com\/@se\/115663255969234242","error":""},"_links":{"self":[{"href":"https:\/\/www.europesays.com\/se\/wp-json\/wp\/v2\/posts\/97421","targetHints":{"allow":["GET"]}}],"collection":[{"href":"https:\/\/www.europesays.com\/se\/wp-json\/wp\/v2\/posts"}],"about":[{"href":"https:\/\/www.europesays.com\/se\/wp-json\/wp\/v2\/types\/post"}],"author":[{"embeddable":true,"href":"https:\/\/www.europesays.com\/se\/wp-json\/wp\/v2\/users\/2"}],"replies":[{"embeddable":true,"href":"https:\/\/www.europesays.com\/se\/wp-json\/wp\/v2\/comments?post=97421"}],"version-history":[{"count":0,"href":"https:\/\/www.europesays.com\/se\/wp-json\/wp\/v2\/posts\/97421\/revisions"}],"wp:featuredmedia":[{"embeddable":true,"href":"https:\/\/www.europesays.com\/se\/wp-json\/wp\/v2\/media\/97422"}],"wp:attachment":[{"href":"https:\/\/www.europesays.com\/se\/wp-json\/wp\/v2\/media?parent=97421"}],"wp:term":[{"taxonomy":"category","embeddable":true,"href":"https:\/\/www.europesays.com\/se\/wp-json\/wp\/v2\/categories?post=97421"},{"taxonomy":"post_tag","embeddable":true,"href":"https:\/\/www.europesays.com\/se\/wp-json\/wp\/v2\/tags?post=97421"}],"curies":[{"name":"wp","href":"https:\/\/api.w.org\/{rel}","templated":true}]}}