{"id":97427,"date":"2025-12-04T20:54:16","date_gmt":"2025-12-04T20:54:16","guid":{"rendered":"https:\/\/www.europesays.com\/se\/97427\/"},"modified":"2025-12-04T20:54:16","modified_gmt":"2025-12-04T20:54:16","slug":"bevisning-i-form-av-ljudupptagning-fran-en-annan-rattegang","status":"publish","type":"post","link":"https:\/\/www.europesays.com\/se\/97427\/","title":{"rendered":"Bevisning i form av ljudupptagning fr\u00e5n en annan r\u00e4tteg\u00e5ng"},"content":{"rendered":"<p>&#13;<br \/>\n&#13;<br \/>\nM\u00e5let g\u00e4llde framf\u00f6r allt om en ljudupptagning av en ber\u00e4ttelse som l\u00e4mnats i en tidigare r\u00e4tteg\u00e5ng skulle f\u00e5 anv\u00e4ndas som bevis i en senare brottm\u00e5lsr\u00e4tteg\u00e5ng. <\/p>\n<p>I ett brottm\u00e5l som g\u00e4llde mened \u00e5beropade \u00e5klagaren som bevisning bland annat en ljudupptagning av en ber\u00e4ttelse som ett vittne l\u00e4mnat i den tidigare brottm\u00e5lsr\u00e4tteg\u00e5ngen d\u00e4r meneden p\u00e5stods ha beg\u00e5tts.<\/p>\n<p>De tilltalade inv\u00e4nde inte mot att f\u00f6rh\u00f6ret spelades upp och ans\u00e5gs d\u00e4rf\u00f6r ha godtagit detta.<\/p>\n<p>H\u00f6gsta domstolen har ansett att det inte var uppenbart ol\u00e4mpligt att anv\u00e4nda ljudupptagningen fr\u00e5n den tidigare r\u00e4tteg\u00e5ngen och att det d\u00e4rf\u00f6r var r\u00e4tt av tingsr\u00e4tten och hovr\u00e4tten att till\u00e5ta att den anv\u00e4ndes som bevis.<\/p>\n","protected":false},"excerpt":{"rendered":"&#13; &#13; M\u00e5let g\u00e4llde framf\u00f6r allt om en ljudupptagning av en ber\u00e4ttelse som l\u00e4mnats i en tidigare r\u00e4tteg\u00e5ng&hellip;\n","protected":false},"author":2,"featured_media":72882,"comment_status":"","ping_status":"","sticky":false,"template":"","format":"standard","meta":{"footnotes":""},"categories":[12],"tags":[22,23,26,27,17,21,24,25,28,29,15,16,18,34,31,33,32,30,19,20],"class_list":{"0":"post-97427","1":"post","2":"type-post","3":"status-publish","4":"format-standard","5":"has-post-thumbnail","7":"category-sverige","8":"tag-breaking-news","9":"tag-breakingnews","10":"tag-featured-news","11":"tag-featurednews","12":"tag-headlines","13":"tag-huvudnyheter","14":"tag-latest-news","15":"tag-latestnews","16":"tag-main-news","17":"tag-mainnews","18":"tag-news","19":"tag-nyheter","20":"tag-rubriker","21":"tag-se","22":"tag-svenska","23":"tag-sverige","24":"tag-sweden","25":"tag-swedish","26":"tag-top-stories","27":"tag-topstories"},"share_on_mastodon":{"url":"https:\/\/pubeurope.com\/@se\/115663291265972809","error":""},"_links":{"self":[{"href":"https:\/\/www.europesays.com\/se\/wp-json\/wp\/v2\/posts\/97427","targetHints":{"allow":["GET"]}}],"collection":[{"href":"https:\/\/www.europesays.com\/se\/wp-json\/wp\/v2\/posts"}],"about":[{"href":"https:\/\/www.europesays.com\/se\/wp-json\/wp\/v2\/types\/post"}],"author":[{"embeddable":true,"href":"https:\/\/www.europesays.com\/se\/wp-json\/wp\/v2\/users\/2"}],"replies":[{"embeddable":true,"href":"https:\/\/www.europesays.com\/se\/wp-json\/wp\/v2\/comments?post=97427"}],"version-history":[{"count":0,"href":"https:\/\/www.europesays.com\/se\/wp-json\/wp\/v2\/posts\/97427\/revisions"}],"wp:featuredmedia":[{"embeddable":true,"href":"https:\/\/www.europesays.com\/se\/wp-json\/wp\/v2\/media\/72882"}],"wp:attachment":[{"href":"https:\/\/www.europesays.com\/se\/wp-json\/wp\/v2\/media?parent=97427"}],"wp:term":[{"taxonomy":"category","embeddable":true,"href":"https:\/\/www.europesays.com\/se\/wp-json\/wp\/v2\/categories?post=97427"},{"taxonomy":"post_tag","embeddable":true,"href":"https:\/\/www.europesays.com\/se\/wp-json\/wp\/v2\/tags?post=97427"}],"curies":[{"name":"wp","href":"https:\/\/api.w.org\/{rel}","templated":true}]}}