{"id":97430,"date":"2025-12-04T21:03:18","date_gmt":"2025-12-04T21:03:18","guid":{"rendered":"https:\/\/www.europesays.com\/se\/97430\/"},"modified":"2025-12-04T21:03:18","modified_gmt":"2025-12-04T21:03:18","slug":"varmlandsk-doldis-till-shl-spelar-redan-i-kvall-nwt","status":"publish","type":"post","link":"https:\/\/www.europesays.com\/se\/97430\/","title":{"rendered":"V\u00e4rml\u00e4ndsk doldis till SHL \u2013 spelar redan i kv\u00e4ll &#8211; NWT"},"content":{"rendered":"<ol>\n<li><a href=\"https:\/\/news.google.com\/rss\/articles\/CBMijAFBVV95cUxNMVF6aDZ4S3VhVlg2LWVtMlRQcW15RzRZZndfVEVMUDh3NW0wZG9laHpvUUxDaHg5dWVMNHRGWW1CT2VoQ3FEckFKZWpnLW5TSTYyZ1VmM0RDNnJSTWxQaTI5dUtLRlJZTEliUnZ6eXZlUTNSaUJWMlFaaWxqUjVOSFRSbklncS1uRTg4eA?oc=5\" target=\"_blank\" rel=\"nofollow noopener\">V\u00e4rml\u00e4ndsk doldis till SHL \u2013 spelar redan i kv\u00e4ll<\/a>&nbsp;&nbsp;NWT<\/li>\n<li><a href=\"https:\/\/news.google.com\/rss\/articles\/CBMiwAFBVV95cUxQMXlUUDdEMUpTbHA5dGF6dEpjU0lBYm9ic1NPeF9KbWk4TzF2OVFnS3VPWG5UQXo3VklkTjU2aTVyYjI1WVRwMmZrT094Q3ZwNGYwXzcwamJmYjN5SnVjLVJZRkxkYUNLcS1NYkRNdEt2Z1BmTXlndFhlR0xKOXVkaWxMeG1EeGdyNDg4UWtka0xjZ1lWQ1VlcTQyd0VuX3R3eUZqRk5HN0kzSDNzbTVoMmpiVXpoQkhWY3FNbm1pVDE?oc=5\" target=\"_blank\" rel=\"nofollow noopener\">Tre f\u00e5r barn samtidigt \u2013 kris i SHL<\/a>&nbsp;&nbsp;Aftonbladet<\/li>\n<li><a href=\"https:\/\/news.google.com\/rss\/articles\/CBMikwFBVV95cUxQd3J1LVQyQ0JueGx3VUxkRHM4LS02cl9iWGhpMjlRVU4zZ3VrWm93bllmeEcxUFdsLVR5Z3JBNzNWdmtuampHdWlvQnNxLUhBbW5KalBCMHNrZDBCaEpuZzkwaFlwdUtDTkxJQXhGR090Y3hkdVhCU0UyaXJnZlRuMVZyZ0ZUT0xtQ2pOWUNXSjhMODA?oc=5\" target=\"_blank\" rel=\"nofollow noopener\">V\u00e4xj\u00f6 vann efter pappakrisen: \u201dSpelar ingen roll\u201d<\/a>&nbsp;&nbsp;Expressen<\/li>\n<li><a href=\"https:\/\/news.google.com\/rss\/articles\/CBMikAFBVV95cUxQdV9QQ3hTbjdXMzZDNGl1aVg2TlFJek41YTB3X3gwM1lvdGhZTWs5Uk1rMmdkT0EwTTlqX19pVUhyQmJ5dWppblNJY2FCMzdvZnNHdkpWQmxPWEJ5emd1TFBic2h5TmsyR24zLXpmejVZc2R6bVRGbUE0SHFzMEF6NW1XTmxsY2tMMVJQa3p6Wmw?oc=5\" target=\"_blank\" rel=\"nofollow noopener\">Ishockey: St\u00e4ll dina JVM-fr\u00e5gor till Hockeykv\u00e4ll! \u2013 Senaste nytt: SHL<\/a>&nbsp;&nbsp;SVT Nyheter<\/li>\n<li><a href=\"https:\/\/news.google.com\/rss\/articles\/CBMihwFBVV95cUxQdlJuS3JpS0xvdzBtUlVXSm50dVl4Wmd1NXRPTFdyemRNOFFrWGNJd1ZFeGdSbDRsMXRUY3lUd3VjcmczNHNQQnpKalRwdWIweVB6Rlp3R01WTnFGQzlGNm5manlPTUFyZUVaY3NxQ1RWdlFPNFA0RjkxWDlHVWFwQzUzdXctVFE?oc=5\" target=\"_blank\" rel=\"nofollow noopener\">Tre backar ska bli pappa \u2013 Lakers plockar in l\u00e5nespelare<\/a>&nbsp;&nbsp;Sm\u00e5landsposten<\/li>\n<\/ol>\n","protected":false},"excerpt":{"rendered":"V\u00e4rml\u00e4ndsk doldis till SHL \u2013 spelar redan i kv\u00e4ll&nbsp;&nbsp;NWT Tre f\u00e5r barn samtidigt \u2013 kris i SHL&nbsp;&nbsp;Aftonbladet V\u00e4xj\u00f6&hellip;\n","protected":false},"author":2,"featured_media":97431,"comment_status":"","ping_status":"","sticky":false,"template":"","format":"standard","meta":{"footnotes":""},"categories":[5],"tags":[22,23,26,27,17,21,24,25,28,29,15,16,18,34,31,33,32,30,19,20],"class_list":{"0":"post-97430","1":"post","2":"type-post","3":"status-publish","4":"format-standard","5":"has-post-thumbnail","7":"category-rubriker","8":"tag-breaking-news","9":"tag-breakingnews","10":"tag-featured-news","11":"tag-featurednews","12":"tag-headlines","13":"tag-huvudnyheter","14":"tag-latest-news","15":"tag-latestnews","16":"tag-main-news","17":"tag-mainnews","18":"tag-news","19":"tag-nyheter","20":"tag-rubriker","21":"tag-se","22":"tag-svenska","23":"tag-sverige","24":"tag-sweden","25":"tag-swedish","26":"tag-top-stories","27":"tag-topstories"},"share_on_mastodon":{"url":"https:\/\/pubeurope.com\/@se\/115663326597084621","error":""},"_links":{"self":[{"href":"https:\/\/www.europesays.com\/se\/wp-json\/wp\/v2\/posts\/97430","targetHints":{"allow":["GET"]}}],"collection":[{"href":"https:\/\/www.europesays.com\/se\/wp-json\/wp\/v2\/posts"}],"about":[{"href":"https:\/\/www.europesays.com\/se\/wp-json\/wp\/v2\/types\/post"}],"author":[{"embeddable":true,"href":"https:\/\/www.europesays.com\/se\/wp-json\/wp\/v2\/users\/2"}],"replies":[{"embeddable":true,"href":"https:\/\/www.europesays.com\/se\/wp-json\/wp\/v2\/comments?post=97430"}],"version-history":[{"count":0,"href":"https:\/\/www.europesays.com\/se\/wp-json\/wp\/v2\/posts\/97430\/revisions"}],"wp:featuredmedia":[{"embeddable":true,"href":"https:\/\/www.europesays.com\/se\/wp-json\/wp\/v2\/media\/97431"}],"wp:attachment":[{"href":"https:\/\/www.europesays.com\/se\/wp-json\/wp\/v2\/media?parent=97430"}],"wp:term":[{"taxonomy":"category","embeddable":true,"href":"https:\/\/www.europesays.com\/se\/wp-json\/wp\/v2\/categories?post=97430"},{"taxonomy":"post_tag","embeddable":true,"href":"https:\/\/www.europesays.com\/se\/wp-json\/wp\/v2\/tags?post=97430"}],"curies":[{"name":"wp","href":"https:\/\/api.w.org\/{rel}","templated":true}]}}