{"id":97434,"date":"2025-12-04T21:13:13","date_gmt":"2025-12-04T21:13:13","guid":{"rendered":"https:\/\/www.europesays.com\/se\/97434\/"},"modified":"2025-12-04T21:13:13","modified_gmt":"2025-12-04T21:13:13","slug":"foreningen-ar-sa-mycket-mer-jonkopings-posten","status":"publish","type":"post","link":"https:\/\/www.europesays.com\/se\/97434\/","title":{"rendered":"\u201dF\u00f6reningen \u00e4r s\u00e5 mycket mer\u201d \u2013 J\u00f6nk\u00f6pings-Posten"},"content":{"rendered":"<p>HV71 ber\u00e4knas under en hockeys\u00e4song generera ett nettov\u00e4rde p\u00e5 222 miljoner kronor till lokalsamh\u00e4llet. <\/p>\n<p>Att de sportsliga resultaten under flera \u00e5r har varit d\u00e5liga anses vara av liten betydelse.<\/p>\n<p>\u2013 F\u00f6reningen \u00e4r s\u00e5 v\u00e4ldigt mycket mer \u00e4n herrlagets resultat, s\u00e4ger Richard Nylin, HV:s klubbdirekt\u00f6r.<\/p>\n<p><img loading=\"lazy\" decoding=\"async\" width=\"980\" height=\"551\" class=\"article-image article-image--featured\" alt=\"HV71:s klubbdirekt\u00f6r Richard Nylin uttryckte gl\u00e4dje \u00f6ver att unders\u00f6kningar kunnat visa att klubben skapar mycket merv\u00e4rde till lokalsamh\u00e4llet. En rapport som gjorts av \" src=\"https:\/\/www.europesays.com\/se\/wp-content\/uploads\/2025\/12\/d8bf0d92-7faa-41f6-ab8e-1e637a49bbb1.jpg\"  \/><a class=\"article__lightbox-link\" href=\"https:\/\/static.bonniernews.se\/ba\/d8bf0d92-7faa-41f6-ab8e-1e637a49bbb1.jpg?crop=6000%2C3375%2Cx0%2Cy0&amp;width=1400&amp;format=pjpg&amp;auto=avif\" data-pswp-width=\"1400\" data-pswp-height=\"788\" data-pswp-caption=\"HV71:s klubbdirekt\u00f6r Richard Nylin uttryckte gl\u00e4dje \u00f6ver att unders\u00f6kningar kunnat visa att klubben skapar mycket merv\u00e4rde till lokalsamh\u00e4llet. En rapport som gjorts av  Bild: CARL SANDIN\" data-pswp- rel=\"nofollow noopener\" target=\"_blank\">\u00d6ppna bild i helsk\u00e4rmsl\u00e4ge<\/a><\/p>\n<p class=\"txt-style-muted\" aria-hidden=\"true\">HV71:s klubbdirekt\u00f6r Richard Nylin uttryckte gl\u00e4dje \u00f6ver att unders\u00f6kningar kunnat visa att klubben skapar mycket merv\u00e4rde till lokalsamh\u00e4llet. En rapport som gjorts av <\/p>\n<p class=\"article__figcaption-attribution txt-style-muted\">Bild: CARL SANDIN<\/p>\n<p>Under torsdagen inleddes \u201dImpact by SHL\u201d i J\u00f6nk\u00f6ping med ett antal f\u00f6rel\u00e4sningar och med olika typer av samh\u00e4llsrepresentanter som tog plats i publiken i Viktor Rydberg-salen p\u00e5 Elmia. <\/p>\n<p>I tre dagar och i anslutning till hemmamatcherna mot Skellefte\u00e5 p\u00e5 torsdagen och mot Malm\u00f6 p\u00e5 l\u00f6rdagen sker en m\u00e4ngd aktiviteter som syftar till att tydligare f\u00f6rklara HV71:s roll i lokalsamh\u00e4llet. Samma typ av evenemang sker n\u00e5gon g\u00e5ng under s\u00e4songen hos alla SHL-klubbar.<\/p>\n<p>Delaktighet i samh\u00e4llet p\u00e5 andra s\u00e4tt \u00e4r inte n\u00e5got nytt f\u00f6r HV71, men Richard Nylin anser att \u201dImpact by SHL\u201d tydligare definierar vad som faktiskt g\u00f6rs.<\/p>\n<p>\u2013 Nu g\u00f6r vi det tillsammans med de andra klubbarna och d\u00e4rf\u00f6r kan vi l\u00e4ra oss mycket av varandra genom olika tips och id\u00e9er. Det \u00e4r ett bra initiativ.<\/p>\n<p aria-disabled=\"true\" class=\"ad__preamble ad-text txt-style-muted txt-ui txt-ui--strong txt-ui-2\">Annons<\/p>\n<p><img decoding=\"async\" width=\"640\" height=\"427\" class=\"article-image article-image--unbound\" alt=\"HV71:s ordf\u00f6rande Anna-Lena Isaksson och SHL:s vd Jenny Silfverstrand i samband med att \u201dImpact by SHL\u201d inleddes p\u00e5 Elmia p\u00e5 torsdagen. Under tre dagar kommer olika evenemang att h\u00e5llas som syftar till att ber\u00e4tta mer om HV71 och SHL:s roll i samh\u00e4llet ut\u00f6ver ishockeymatcherna. \" src=\"https:\/\/www.europesays.com\/se\/wp-content\/uploads\/2025\/12\/1ee02e45-292e-4172-96f9-dabdacee0241.jpg\"   loading=\"lazy\"\/><a class=\"article__lightbox-link\" href=\"https:\/\/static.bonniernews.se\/ba\/1ee02e45-292e-4172-96f9-dabdacee0241.jpg?width=1400&amp;format=pjpg&amp;auto=avif\" data-pswp-width=\"1400\" data-pswp-height=\"933\" data-pswp-caption=\"HV71:s ordf\u00f6rande Anna-Lena Isaksson och SHL:s vd Jenny Silfverstrand i samband med att \u201dImpact by SHL\u201d inleddes p\u00e5 Elmia p\u00e5 torsdagen. Under tre dagar kommer olika evenemang att h\u00e5llas som syftar till att ber\u00e4tta mer om HV71 och SHL:s roll i samh\u00e4llet ut\u00f6ver ishockeymatcherna.  Bild: CARL SANDIN\" data-pswp- rel=\"nofollow noopener\" target=\"_blank\">\u00d6ppna bild i helsk\u00e4rmsl\u00e4ge<\/a><\/p>\n<p class=\"txt-style-muted\" aria-hidden=\"true\">HV71:s ordf\u00f6rande Anna-Lena Isaksson och SHL:s vd Jenny Silfverstrand i samband med att \u201dImpact by SHL\u201d inleddes p\u00e5 Elmia p\u00e5 torsdagen. Under tre dagar kommer olika evenemang att h\u00e5llas som syftar till att ber\u00e4tta mer om HV71 och SHL:s roll i samh\u00e4llet ut\u00f6ver ishockeymatcherna. <\/p>\n<p class=\"article__figcaption-attribution txt-style-muted\">Bild: CARL SANDIN<\/p>\n<p aria-disabled=\"true\" class=\"ad__preamble ad-text txt-style-muted txt-ui txt-ui--strong txt-ui-2\">Annons<\/p>\n<p>I en rapport som konsultbyr\u00e5n Grant Thornton har tagit fram p\u00e5 uppdrag av SHL har de r\u00e4knat ut att HV71:s samh\u00e4llsnytta \u00e4r v\u00e4rd 222 miljoner kronor.<\/p>\n<p><strong>I siffrorna som skapar<\/strong> mest positiv p\u00e5verkan finns att barn och ungdomar erbjuds fysisk och psykisk h\u00e4lsa samt att hemmamatcherna i Husqvarna Garden skapar gemenskap och inkludering. De sistn\u00e4mnda punkterna p\u00e5verkas inte automatiskt av d\u00e5liga resultat, enligt klubbdirekt\u00f6ren.<\/p>\n<p>\u2013 Skulle vi \u00e5ka ur skulle int\u00e4kterna bli n\u00e5got mindre och givetvis \u00e4r vi inte n\u00f6jda med hur resultaten har varit och f\u00f6rst\u00e5r att alla kring klubben skulle bli \u00e4nnu gladare om det resultaten blev b\u00e4ttre. Men \u00e4ven om herrlaget \u00e4r k\u00e4rnan i verksamheten \u00e4r siffrorna inte bara kopplade till elitlaget, s\u00e4ger Richard Nylin. <\/p>\n<p><img decoding=\"async\" width=\"640\" height=\"427\" class=\"article-image article-image--unbound\" alt=\"HV71:s klubbdirekt\u00f6r Richard Nylin ville framh\u00e5lla att klubben \u00e4r s\u00e5 mycket mer \u00e4n resultaten f\u00f6r A-laget.\" src=\"https:\/\/www.europesays.com\/se\/wp-content\/uploads\/2025\/12\/4556eb22-da1f-46f7-81d9-0c635a6160c8.jpg\"   loading=\"lazy\"\/><a class=\"article__lightbox-link\" href=\"https:\/\/static.bonniernews.se\/ba\/4556eb22-da1f-46f7-81d9-0c635a6160c8.jpg?width=1400&amp;format=pjpg&amp;auto=avif\" data-pswp-width=\"1400\" data-pswp-height=\"933\" data-pswp-caption=\"HV71:s klubbdirekt\u00f6r Richard Nylin ville framh\u00e5lla att klubben \u00e4r s\u00e5 mycket mer \u00e4n resultaten f\u00f6r A-laget. Bild: CARL SANDIN\" data-pswp- rel=\"nofollow noopener\" target=\"_blank\">\u00d6ppna bild i helsk\u00e4rmsl\u00e4ge<\/a><\/p>\n<p class=\"txt-style-muted\" aria-hidden=\"true\">HV71:s klubbdirekt\u00f6r Richard Nylin ville framh\u00e5lla att klubben \u00e4r s\u00e5 mycket mer \u00e4n resultaten f\u00f6r A-laget.<\/p>\n<p class=\"article__figcaption-attribution txt-style-muted\">Bild: CARL SANDIN<\/p>\n<p>Vad som ocks\u00e5 har r\u00e4knats in i de positiva ekonomiska siffrorna \u00e4r att f\u00f6rs\u00e4ljningen fr\u00e5n restauranger, kiosker och souvenirbutiker i sin tur \u00e4ven genererar mycket skatteint\u00e4kter till stat och myndigheter. <\/p>\n<p>N\u00e5gra enstaka minusposter utifr\u00e5n ett samh\u00e4llsperspektiv har kunnat identifierats i genomlysningen. D\u00e4r ing\u00e5r elitidrottens h\u00f6ga prestationskrav och att elitidrottare \u00e4r en grupp m\u00e4nniskor som \u00e4r \u00f6verrepresenterade n\u00e4r det kommer till risker f\u00f6r spelmissbruk. <\/p>\n<p><strong>Konkreta exempel p\u00e5 hur HV71 <\/strong>kunnat skapa merv\u00e4rde och engagemang i J\u00f6nk\u00f6pingsomr\u00e5det lyftes ocks\u00e5 fram. <\/p>\n<p aria-disabled=\"true\" class=\"ad__preamble ad-text txt-style-muted txt-ui txt-ui--strong txt-ui-2\">Annons<\/p>\n<p aria-disabled=\"true\" class=\"ad__preamble ad-text txt-style-muted txt-ui txt-ui--strong txt-ui-2\">Annons<\/p>\n<p><img decoding=\"async\" width=\"640\" height=\"427\" class=\"article-image article-image--unbound\" alt=\"Jelena Trupina, regionchef f\u00f6r Ung F\u00f6retagsamhet i J\u00f6nk\u00f6pings l\u00e4n, kunde \u00e5terber\u00e4tta historien om hur sj\u00e4tteklassare p\u00e5 \u00d6lmstadskolan tidigare i \u00e5r kunde skapa HV71:s nya maskot Hj\u00e4ltten Bull.\" src=\"https:\/\/www.europesays.com\/se\/wp-content\/uploads\/2025\/12\/0a1f3519-1fc2-433a-9b6d-917426534b09.jpg\"   loading=\"lazy\"\/><a class=\"article__lightbox-link\" href=\"https:\/\/static.bonniernews.se\/ba\/0a1f3519-1fc2-433a-9b6d-917426534b09.jpg?width=1400&amp;format=pjpg&amp;auto=avif\" data-pswp-width=\"1400\" data-pswp-height=\"933\" data-pswp-caption=\"Jelena Trupina, regionchef f\u00f6r Ung F\u00f6retagsamhet i J\u00f6nk\u00f6pings l\u00e4n, kunde \u00e5terber\u00e4tta historien om hur sj\u00e4tteklassare p\u00e5 \u00d6lmstadskolan tidigare i \u00e5r kunde skapa HV71:s nya maskot Hj\u00e4ltten Bull. Bild: CARL SANDIN\" data-pswp- rel=\"nofollow noopener\" target=\"_blank\">\u00d6ppna bild i helsk\u00e4rmsl\u00e4ge<\/a><\/p>\n<p class=\"txt-style-muted\" aria-hidden=\"true\">Jelena Trupina, regionchef f\u00f6r Ung F\u00f6retagsamhet i J\u00f6nk\u00f6pings l\u00e4n, kunde \u00e5terber\u00e4tta historien om hur sj\u00e4tteklassare p\u00e5 \u00d6lmstadskolan tidigare i \u00e5r kunde skapa HV71:s nya maskot Hj\u00e4ltten Bull.<\/p>\n<p class=\"article__figcaption-attribution txt-style-muted\">Bild: CARL SANDIN<\/p>\n<p><img decoding=\"async\" width=\"640\" height=\"409\" class=\"article-image article-image--unbound\" alt=\"Alma H\u00e4ggstam, Julia Borg J\u00f6nsson, Simon Steen och Elias K\u00e4llberg fr\u00e5n \u00d6lmstadskolan n\u00e4r det i januari i \u00e5r stod klart att de skapat HV:s vinnarmaskot. H\u00e4ndelsen togs upp som en lyckad del av en klubbs insats i lokalsamh\u00e4llet under temadagen \u201dImpact by SHL\u201d. \" src=\"https:\/\/www.europesays.com\/se\/wp-content\/uploads\/2025\/12\/178c2eaf-9428-4814-869c-4929eb4c0cbc.jpeg\"   loading=\"lazy\"\/><a class=\"article__lightbox-link\" href=\"https:\/\/static.bonniernews.se\/ba\/178c2eaf-9428-4814-869c-4929eb4c0cbc.jpeg?width=1400&amp;format=pjpg&amp;auto=avif\" data-pswp-width=\"1400\" data-pswp-height=\"895\" data-pswp-caption=\"Alma H\u00e4ggstam, Julia Borg J\u00f6nsson, Simon Steen och Elias K\u00e4llberg fr\u00e5n \u00d6lmstadskolan n\u00e4r det i januari i \u00e5r stod klart att de skapat HV:s vinnarmaskot. H\u00e4ndelsen togs upp som en lyckad del av en klubbs insats i lokalsamh\u00e4llet under temadagen \u201dImpact by SHL\u201d.  Bild: Robert Eriksson\" data-pswp- rel=\"nofollow noopener\" target=\"_blank\">\u00d6ppna bild i helsk\u00e4rmsl\u00e4ge<\/a><\/p>\n<p class=\"txt-style-muted\" aria-hidden=\"true\">Alma H\u00e4ggstam, Julia Borg J\u00f6nsson, Simon Steen och Elias K\u00e4llberg fr\u00e5n \u00d6lmstadskolan n\u00e4r det i januari i \u00e5r stod klart att de skapat HV:s vinnarmaskot. H\u00e4ndelsen togs upp som en lyckad del av en klubbs insats i lokalsamh\u00e4llet under temadagen \u201dImpact by SHL\u201d. <\/p>\n<p class=\"article__figcaption-attribution txt-style-muted\">Bild: Robert Eriksson<\/p>\n<p>Jelina Trupina, regionchef f\u00f6r Ung F\u00f6retagsamhet i J\u00f6nk\u00f6pings l\u00e4n, \u00e5terber\u00e4ttade historien om hur grundskoleelever f\u00f6r ungef\u00e4r ett \u00e5r sedan fick skapa en ny maskot till klubben.<\/p>\n<p>\u2013\u00a0I tio veckor var omkring 1 800 elever fr\u00e5n \u00e5rskurs ett till sex involverade i arbetet. Eleverna l\u00e4rde sig d\u00e5 mycket om J\u00f6nk\u00f6ping, regionen, f\u00f6retagande och demokrati, s\u00e4ger Jelena Trupina.<\/p>\n<p>I januari i \u00e5r stod det klart att elever<a class=\"article__content-link\" href=\"https:\/\/www.jp.se\/2025-01-21\/hjaltten-bull-hv71s-nya-maskot-kanns-stort\/\" rel=\"nofollow noopener\" target=\"_blank\"> i \u00e5rskurs sex p\u00e5 \u00d6lmstadskolan hade skapat vinnarmaskoten Hj\u00e4ltten Bull<\/a> som d\u00e4rmed fick en tydlig koppling till b\u00e5de HV71 och landm\u00e4rket med J\u00e4tten Vist-skulpturen utmed E4 i Huskvarna. <\/p>\n<p><strong>Ett liknande exempel<\/strong> presenterades \u00e4ven med UF-f\u00f6retaget BBQ on Ice som inlett ett samarbete med HV71<\/p>\n<p><img decoding=\"async\" width=\"640\" height=\"427\" class=\"article-image article-image--unbound\" alt=\"Moderator Frida Boklund tillsammans med Christoffer Forsberg, Elliot Johansson Vaara och Lucas Forsell fr\u00e5n UF-f\u00f6retag BBQ on Ice. De hade kunnat inleda ett samarbete med HV71 om att omvandla trasiga ishockeyklubbor till grillbestick. \" src=\"https:\/\/www.europesays.com\/se\/wp-content\/uploads\/2025\/12\/17bc4a55-1628-4639-a8bf-cecd4dcf740f.jpg\"   loading=\"lazy\"\/><a class=\"article__lightbox-link\" href=\"https:\/\/static.bonniernews.se\/ba\/17bc4a55-1628-4639-a8bf-cecd4dcf740f.jpg?width=1400&amp;format=pjpg&amp;auto=avif\" data-pswp-width=\"1400\" data-pswp-height=\"933\" data-pswp-caption=\"Moderator Frida Boklund tillsammans med Christoffer Forsberg, Elliot Johansson Vaara och Lucas Forsell fr\u00e5n UF-f\u00f6retag BBQ on Ice. De hade kunnat inleda ett samarbete med HV71 om att omvandla trasiga ishockeyklubbor till grillbestick.  Bild: CARL SANDIN\" data-pswp- rel=\"nofollow noopener\" target=\"_blank\">\u00d6ppna bild i helsk\u00e4rmsl\u00e4ge<\/a><\/p>\n<p class=\"txt-style-muted\" aria-hidden=\"true\">Moderator Frida Boklund tillsammans med Christoffer Forsberg, Elliot Johansson Vaara och Lucas Forsell fr\u00e5n UF-f\u00f6retag BBQ on Ice. De hade kunnat inleda ett samarbete med HV71 om att omvandla trasiga ishockeyklubbor till grillbestick. <\/p>\n<p class=\"article__figcaption-attribution txt-style-muted\">Bild: CARL SANDIN<\/p>\n<p aria-disabled=\"true\" class=\"ad__preamble ad-text txt-style-muted txt-ui txt-ui--strong txt-ui-2\">Annons<\/p>\n<p>F\u00f6retagsid\u00e9n f\u00f6r gymnasieeleverna Lucas Forsell, Christoffer Forsberg och Elliot Johansson Vaara \u00e4r att g\u00f6ra grillbestick av gamla hockeyklubbor. Efter att de kontaktat HV gjordes en \u00f6verenskommelse om att gamla trasiga klubbor fr\u00e5n spelarna kunde eftersk\u00e4nkas till deras f\u00f6retag f\u00f6r att \u00e5tervinnas. <\/p>\n<p>Ett samarbete som de tre f\u00f6retr\u00e4darna f\u00f6r BBQ on Ice \u00e4ven uttryckte att de hoppades kunna g\u00f6ra med fler SHL-klubbar. <\/p>\n<p>SHL vill ber\u00e4tta om mer \u00e4n ishockeyn<\/p>\n<p>Genom samh\u00e4llsprojektet \u201dImpact by SHL\u201d vill de 14 ligaklubbarna \u00e4ven visa hur de skapar nytta i sina lokalsamh\u00e4llen. P\u00e5 uppdrag av SHL har konsultbyr\u00e5n Grant Thornton g\u00e5tt igenom hockeyklubbarnas ekonomi och samh\u00e4llskopplingar p\u00e5 olika s\u00e4tt.<\/p>\n<p>F\u00f6rra s\u00e4songen inleddes pilotprojektet n\u00e4r F\u00e4rjestads verksamhet genomlystes. I \u00e5r har samma unders\u00f6kningar gjorts om alla SHL-klubbar.<\/p>\n<p>Under den p\u00e5g\u00e5ende s\u00e4songen kommer \u201dImpact by SHL\u201d att stanna till hos samtliga klubbar vid n\u00e5got tillf\u00e4lle. <\/p>\n<p>Mellan torsdag och l\u00f6rdag sker stoppet i J\u00f6nk\u00f6ping och fokuserar d\u00e5 p\u00e5 vilken \u00f6vrig betydelse HV71 har i samh\u00e4llet och det sker bland annat med f\u00f6rel\u00e4sningar, paneldebatter och evenemang d\u00e4r det \u00e4r m\u00f6jligt att tr\u00e4ffa HV:s spelare och ledare. Det sker i anslutning till HV71:s hemmamatcher mot Skellefte\u00e5 p\u00e5 torsdagen och mot Malm\u00f6 p\u00e5 l\u00f6rdagen. <\/p>\n","protected":false},"excerpt":{"rendered":"HV71 ber\u00e4knas under en hockeys\u00e4song generera ett nettov\u00e4rde p\u00e5 222 miljoner kronor till lokalsamh\u00e4llet. Att de sportsliga resultaten&hellip;\n","protected":false},"author":2,"featured_media":97435,"comment_status":"","ping_status":"","sticky":false,"template":"","format":"standard","meta":{"footnotes":""},"categories":[68],"tags":[34,111,110,31,33,32,30],"class_list":{"0":"post-97434","1":"post","2":"type-post","3":"status-publish","4":"format-standard","5":"has-post-thumbnail","7":"category-sport","8":"tag-se","9":"tag-sport","10":"tag-sports","11":"tag-svenska","12":"tag-sverige","13":"tag-sweden","14":"tag-swedish"},"share_on_mastodon":{"url":"https:\/\/pubeurope.com\/@se\/115663366346276053","error":""},"_links":{"self":[{"href":"https:\/\/www.europesays.com\/se\/wp-json\/wp\/v2\/posts\/97434","targetHints":{"allow":["GET"]}}],"collection":[{"href":"https:\/\/www.europesays.com\/se\/wp-json\/wp\/v2\/posts"}],"about":[{"href":"https:\/\/www.europesays.com\/se\/wp-json\/wp\/v2\/types\/post"}],"author":[{"embeddable":true,"href":"https:\/\/www.europesays.com\/se\/wp-json\/wp\/v2\/users\/2"}],"replies":[{"embeddable":true,"href":"https:\/\/www.europesays.com\/se\/wp-json\/wp\/v2\/comments?post=97434"}],"version-history":[{"count":0,"href":"https:\/\/www.europesays.com\/se\/wp-json\/wp\/v2\/posts\/97434\/revisions"}],"wp:featuredmedia":[{"embeddable":true,"href":"https:\/\/www.europesays.com\/se\/wp-json\/wp\/v2\/media\/97435"}],"wp:attachment":[{"href":"https:\/\/www.europesays.com\/se\/wp-json\/wp\/v2\/media?parent=97434"}],"wp:term":[{"taxonomy":"category","embeddable":true,"href":"https:\/\/www.europesays.com\/se\/wp-json\/wp\/v2\/categories?post=97434"},{"taxonomy":"post_tag","embeddable":true,"href":"https:\/\/www.europesays.com\/se\/wp-json\/wp\/v2\/tags?post=97434"}],"curies":[{"name":"wp","href":"https:\/\/api.w.org\/{rel}","templated":true}]}}