{"id":97468,"date":"2025-12-04T22:31:18","date_gmt":"2025-12-04T22:31:18","guid":{"rendered":"https:\/\/www.europesays.com\/se\/97468\/"},"modified":"2025-12-04T22:31:18","modified_gmt":"2025-12-04T22:31:18","slug":"robin-kovacs-rasar-efter-linkopings-insats-mot-malmo-shl","status":"publish","type":"post","link":"https:\/\/www.europesays.com\/se\/97468\/","title":{"rendered":"Robin Kovacs rasar efter Link\u00f6pings insats mot Malm\u00f6 | SHL"},"content":{"rendered":"<p>Publicerad 4 dec 2025 kl 20.45Uppdaterad kl 22.20<\/p>\n<p>Link\u00f6ping blev nollade mot Malm\u00f6 p\u00e5 bortaplan.<\/p>\n<p>I pausen rasade Robin Kovacs p\u00e5 laget, och gav sig p\u00e5 Malm\u00f6m\u00e5lvakten Marek Langhamer.<\/p>\n<p>\u2013 Vi f\u00e5r k\u00f6ra \u00f6ver n\u00e5gon, \u00e4ven m\u00e5lvakten om det beh\u00f6vs, s\u00e4ger LHC-stj\u00e4rnan i TV4. \u00a0<\/p>\n<p>\u2013 Det s\u00e4ger mycket om hans IQ, svarar Langhamer.\u00a0<\/p>\n<p><img loading=\"lazy\"   alt=\"\"\/><\/p>\n<p>Robin Kovacs.<\/p>\n<p>Foto: JOHAN BERNSTR\u00d6M \/ BILDBYR\u00c5N<\/p>\n<p>\u00d6ppna bild i helsk\u00e4rm<img loading=\"lazy\"   alt=\"\"\/><\/p>\n<p>Marek Langhamer.<\/p>\n<p>Foto: CHRISTIAN \u00d6RNBERG \/ BILDBYR\u00c5N<\/p>\n<p>\u00d6ppna bild i helsk\u00e4rm<img loading=\"lazy\"   alt=\"\"\/> <\/p>\n<p>Foto: CHRISTIAN \u00d6RNBERG \/ BILDBYR\u00c5N<\/p>\n<p>\u00d6ppna bild i helsk\u00e4rm<\/p>\n<p>Det var en tung kv\u00e4ll f\u00f6r Link\u00f6ping mot Malm\u00f6.<\/p>\n<p>Hemmalaget hade 2-0 efter f\u00f6rsta perioden, och kunde enkelt sm\u00e4lla in 3-0 i b\u00f6rjan p\u00e5 andra. D\u00e5 hade huvudtr\u00e4naren Mikael H\u00e5kanson redan tagit sin timeout i den f\u00f6rsta perioden.<\/p>\n<p>Artikeln i korthet<\/p>\n<p> Robin Kovacs i Link\u00f6ping var rasande mot Malm\u00f6m\u00e5lvakten Marek Langhamer i pausen, och tyckte han spelade \u00f6ver.<\/p>\n<p> Langhamer svarar p\u00e5 Kovacs utspel efter matchen med att \u201dDet s\u00e4ger mycket om hans IQ\u201d<\/p>\n<p> Kovacs svarar upp p\u00e5 Langhamers utspel, och tycker att Malm\u00f6m\u00e5lvakten borde f\u00e5tt ett matchstraff f\u00f6r sparken mot Max Martin.<\/p>\n<p>Visa mer<\/p>\n<p>I periodvilan mellan den andra och tredje perioden var Link\u00f6pings forward Robin Kovacs f\u00f6rbannad n\u00e4r han kom till TV4-intervjun.<\/p>\n<p>\u2013 Det \u00e4r s\u00e5 j\u00e4vla soft. Vi g\u00e5r inte in i n\u00e4rkamper och v\u00e5gar inte spela eller tackla, sa han.<\/p>\n<p><strong>TV4: Hur ska ni l\u00f6sa upp det?<\/strong><\/p>\n<p>\u2013 V\u00e5ga spela, k\u00f6r \u00f6ver g\u00e5ng. \u00c4ven m\u00e5lvakten om det kr\u00e4vs. Han sl\u00e4nger sig i varenda situation. Det \u00e4r synd jag inte \u00e4r p\u00e5 isen f\u00f6r d\u00e5 j\u00e4vlar, d\u00e5 sm\u00e4ller det p\u00e5 keepern ocks\u00e5, s\u00e4ger Kovacs, innan han sl\u00e4nger av sig headsetet.<\/p>\n<p>Utspelet efter raseriutbrottet<\/p>\n<p>Link\u00f6ping lyckades inte komma i kapp i den tredje perioden, utan Malm\u00f6 kunde vinna matchen utan n\u00e5gra st\u00f6rre problem med 3-0, och forts\u00e4tter vara ett av seriens formstarkaste lag.\u00a0<\/p>\n<p>Efter matchen var m\u00e5lvakt Marek Langhamer tydlig med vad han tycker om att bli p\u00e5\u00e5kt vid upprepade tillf\u00e4llen.\u00a0<\/p>\n<p>\u2013 Jag vet inte om det \u00e4r medvetet. Det \u00e4r deras val. Vi ska straffa dem och om de forts\u00e4tter s\u00e5 \u00e4r det grymt f\u00f6r oss. Jag vet inte varf\u00f6r lagen forts\u00e4tter kanske f\u00f6r att vi \u00e4r bra nu. Vi m\u00e5ste jobba med v\u00e5ra backar och domarna beh\u00f6ver skydda m\u00e5lvakterna. Jag \u00e4r inte ensam om att bli tr\u00e4ffad, s\u00e4ger han.\u00a0<\/p>\n<p>P\u00e5 fr\u00e5gan om Kovacs utspel svarar han:\u00a0<\/p>\n<p>\u2013 Jag har h\u00f6rt. Det s\u00e4ger mycket om hans IQ. Jag har inte s\u00e5 mycket att s\u00e4ga om det.\u00a0<\/p>\n<p>Kovacs svar: \u201dEn dag kommer det bita honom i arslet\u201d<img loading=\"lazy\"   alt=\"\"\/><\/p>\n<p>Kovacs.<\/p>\n<p>Foto: Johan Svensson<\/p>\n<p>\u00d6ppna bild i helsk\u00e4rm<\/p>\n<p>Robin Kovacs tar Marek Langhamers utspel mot Kovacs med ro, men t\u00e4nder \u00e4nd\u00e5 till n\u00e4r det kommer p\u00e5 tal.<\/p>\n<p>\u2013 En dag kommer det att bita honom i arslet, s\u00e4ger Kovacs, som har lugnat ner sig avsev\u00e4rt sedan utspelet i pausen.<\/p>\n<p><strong>P\u00e5 vilket s\u00e4tt d\u00e5?<\/strong><\/p>\n<p>\u2013 Det f\u00e5r du tolka som du vill.<\/p>\n<p><strong>Tycker du att han spelar \u00f6ver i situationerna?<\/strong><\/p>\n<p>\u2013 F\u00f6r mig \u00e4r det en solklar spark, det ska vara ett matchstraff, s\u00e4ger Kovacs, och h\u00e4nvisar till Langhamers irritation n\u00e4r han gjorde en sparkr\u00f6relse mot Max Martin.<\/p>\n<p>Annons<\/p>\n<p>Domarna valde att titta p\u00e5 situationen, men delade endast ut en tv\u00e5minutare till Malm\u00f6m\u00e5lvakten. Det tycker Kovacs var ett felbeslut.<\/p>\n<p>\u2013 Som sagt, jag tycker att det \u00e4r ett matchstraff f\u00f6r spark. Det tycker jag.<\/p>\n<p><strong>Men spelar han \u00f6ver?<\/strong><\/p>\n<p>\u2013 Om det \u00e4r s\u00e5 han vill spela s\u00e5 f\u00e5r han spela s\u00e5. Han f\u00e5r tycka vad han vill, och det f\u00e5r resten av hockeysverige ocks\u00e5. Det bryr jag mig inte om, utan jag vet vad jag kan, och vad jag st\u00e5r f\u00f6r.<\/p>\n<p><strong>Du uppr\u00f6r.<\/strong><\/p>\n<p>\u2013 Nej, det g\u00f6r jag v\u00e4l inte.<\/p>\n<p><strong>Du skapar v\u00e4l k\u00e4nslor, \u00e5tminstone.<\/strong><\/p>\n<p>\u2013 Det \u00e4r d\u00e4rf\u00f6r jag \u00e4r h\u00e4r i denna ligan. Jag gillar att det snackas, och n\u00e4r det hetsas. D\u00e5 njuter jag.<\/p>\n","protected":false},"excerpt":{"rendered":"Publicerad 4 dec 2025 kl 20.45Uppdaterad kl 22.20 Link\u00f6ping blev nollade mot Malm\u00f6 p\u00e5 bortaplan. I pausen rasade&hellip;\n","protected":false},"author":2,"featured_media":97469,"comment_status":"","ping_status":"","sticky":false,"template":"","format":"standard","meta":{"footnotes":""},"categories":[5],"tags":[22,23,26,27,17,21,24,25,28,29,15,16,2025,2735,1179,18,34,255,823,31,33,32,30,19,20],"class_list":{"0":"post-97468","1":"post","2":"type-post","3":"status-publish","4":"format-standard","5":"has-post-thumbnail","7":"category-rubriker","8":"tag-breaking-news","9":"tag-breakingnews","10":"tag-featured-news","11":"tag-featurednews","12":"tag-headlines","13":"tag-huvudnyheter","14":"tag-latest-news","15":"tag-latestnews","16":"tag-main-news","17":"tag-mainnews","18":"tag-news","19":"tag-nyheter","20":"tag-organization-linkoping-hc","21":"tag-organization-malmo-redhawks","22":"tag-organization-shl","23":"tag-rubriker","24":"tag-se","25":"tag-sections-ishockey","26":"tag-sections-shl","27":"tag-svenska","28":"tag-sverige","29":"tag-sweden","30":"tag-swedish","31":"tag-top-stories","32":"tag-topstories"},"share_on_mastodon":{"url":"https:\/\/pubeurope.com\/@se\/115663672659166247","error":""},"_links":{"self":[{"href":"https:\/\/www.europesays.com\/se\/wp-json\/wp\/v2\/posts\/97468","targetHints":{"allow":["GET"]}}],"collection":[{"href":"https:\/\/www.europesays.com\/se\/wp-json\/wp\/v2\/posts"}],"about":[{"href":"https:\/\/www.europesays.com\/se\/wp-json\/wp\/v2\/types\/post"}],"author":[{"embeddable":true,"href":"https:\/\/www.europesays.com\/se\/wp-json\/wp\/v2\/users\/2"}],"replies":[{"embeddable":true,"href":"https:\/\/www.europesays.com\/se\/wp-json\/wp\/v2\/comments?post=97468"}],"version-history":[{"count":0,"href":"https:\/\/www.europesays.com\/se\/wp-json\/wp\/v2\/posts\/97468\/revisions"}],"wp:featuredmedia":[{"embeddable":true,"href":"https:\/\/www.europesays.com\/se\/wp-json\/wp\/v2\/media\/97469"}],"wp:attachment":[{"href":"https:\/\/www.europesays.com\/se\/wp-json\/wp\/v2\/media?parent=97468"}],"wp:term":[{"taxonomy":"category","embeddable":true,"href":"https:\/\/www.europesays.com\/se\/wp-json\/wp\/v2\/categories?post=97468"},{"taxonomy":"post_tag","embeddable":true,"href":"https:\/\/www.europesays.com\/se\/wp-json\/wp\/v2\/tags?post=97468"}],"curies":[{"name":"wp","href":"https:\/\/api.w.org\/{rel}","templated":true}]}}