{"id":97729,"date":"2025-12-05T09:10:19","date_gmt":"2025-12-05T09:10:19","guid":{"rendered":"https:\/\/www.europesays.com\/se\/97729\/"},"modified":"2025-12-05T09:10:19","modified_gmt":"2025-12-05T09:10:19","slug":"stark-bortapoang-av-dif-har-ar-betygen","status":"publish","type":"post","link":"https:\/\/www.europesays.com\/se\/97729\/","title":{"rendered":"Stark bortapo\u00e4ng av DIF \u2013 h\u00e4r \u00e4r betygen"},"content":{"rendered":"<p class=\"\"><strong>Betygskala 1-10 stj\u00e4rnor<\/strong><br \/>\u2605 = Allsvensk klass<br \/>\u2605\u2605 = N\u00e4ra allsvensk klass<br \/>\u2605\u2605\u2605 = Tveksam SHL-insats<br \/>\u2605\u2605\u2605\u2605 = Kan b\u00e4ttre<br \/>\u2605\u2605\u2605\u2605\u2605= Godk\u00e4nd<br \/>\u2605\u2605\u2605\u2605\u2605\u2605\u00a0 = Bra SHL-klass<br \/>\u2605\u2605\u2605\u2605\u2605\u2605\u2605 = P\u00e5 v\u00e4g mot toppklass<br \/>\u2605\u2605\u2605\u2605\u2605\u2605\u2605\u2605 = Toppklass<br \/>\u2605\u2605\u2605\u2605\u2605\u2605\u2605\u2605\u2605 = Stj\u00e4rnklass<br \/>\u2605\u2605\u2605\u2605\u2605\u2605\u2605\u2605\u2605\u2605 = M\u00e4starklass<\/p>\n<p class=\"\"><strong>M\u00e5lvakt<\/strong>:<\/p>\n<p class=\"\">Daniel Marmenlind \u2605\u2605\u2605\u2605\u2605\u2605\u2605\u2605 (8)<\/p>\n<p class=\"\">Fick en svettig start n\u00e4r Ivar Stenberg satte 1\u20130 n\u00e4r Fr\u00f6lunda hade flyt med studsen. Hade sv\u00e5ra l\u00e4gen att handskas med och gjorde det bra. Otroligt bra p\u00e5 m\u00e5nga sv\u00e5ra l\u00e4gen, inte minst i spel tre mot fyra p\u00e5 \u00f6vertid.<\/p>\n<p class=\"\"><strong>Backar<\/strong><\/p>\n<p class=\"\">August Berg \u2605\u2605\u2605\u2605\u2605\u2605\u2605 (7)<\/p>\n<p class=\"\">Fick hoppa in ist\u00e4llet f\u00f6r Gustav Lindstr\u00f6m. Och han gjorde ett aggressivt och bra jobb vid sidan av Kylington.<\/p>\n<p class=\"\">Oliver Kylington \u2605\u2605\u2605\u2605\u2605\u2605\u2605\u2605 (8)<\/p>\n<p class=\"\">Skridsko\u00e5kningen \u00e4r i absolut toppklass i SHL. Fick massor av istid, \u00f6ver 24 minuter, n\u00e4r Lindstr\u00f6m var krasslig och inte kunde spela.<\/p>\n<p class=\"\">Jesper Pettersson \u2605\u2605\u2605\u2605\u2605\u2605\u2605 (7)<\/p>\n<p class=\"\">S\u00e5 h\u00e4r ska Jeppe Pettersson spela. P\u00e5 gr\u00e4nsen och med ett smittande j\u00e4vlaranamma.<\/p>\n<p class=\"\">Joey LaLeggia \u2605\u2605\u2605\u2605\u2605\u2605 (6)<\/p>\n<p class=\"\">Slog en briljant passning till Hudon efter en minut och det gav DiF m\u00e5lchans direkt. M\u00e5nga bra uppspel tack vare sin skicklighet och skarpa blick. N\u00e5gra sk\u00f6nhetsfl\u00e4ckar i defensiven.<\/p>\n<p class=\"\">Philip Holm \u2605\u2605\u2605\u2605\u2605\u2605\u2605\u2605 (8)<\/p>\n<p class=\"\">Lyckades h\u00e5lla j\u00e4mna steg med Fr\u00f6lunda och l\u00e5g bakom 1\u20131-m\u00e5let med ett v\u00e4ltajmat skott fr\u00e5n bl\u00e5linjen.<\/p>\n<p class=\"\">Colby Sissons \u2605\u2605\u2605\u2605\u2605\u2605\u2605\u2605 (8)<\/p>\n<p class=\"\">Delaktig i offensiven. Som s\u00e5 m\u00e5nga g\u00e5nger f\u00f6rut bra i spelet med pucken.<\/p>\n<p class=\"\">Hugo Blixt \u2605\u2605\u2605\u2605\u2605\u2605\u2605 (7)<\/p>\n<p class=\"\">Klev in med pondus och h\u00e4ngde med fint mot snabba Fr\u00f6lunda-forwards.<\/p>\n<p class=\"\"><strong>Forwards<\/strong>:<\/p>\n<p class=\"\">Viggo Bj\u00f6rck \u2605\u2605\u2605\u2605\u2605 (5)<\/p>\n<p class=\"\">Kom inte till n\u00e5gra ordentliga m\u00e5lchanser, men gjorde ett vasst jobb i spelet utan puck.<\/p>\n<p class=\"\">Jacob Josefson \u2605\u2605\u2605\u2605\u2605\u2605\u2605 (7)<\/p>\n<p class=\"\">M\u00e5lskytt till 1\u20131 n\u00e4r han tog plats framf\u00f6r Lasse Johansson och ost\u00f6rt kunde styra in kvitteringen. H\u00e4rligt slit p\u00e5 m\u00e5nga st\u00e4llen av banan. Som vanligt.<\/p>\n<p class=\"\">Charles Hudon \u2605\u2605\u2605\u2605\u2605\u2605 (6)<\/p>\n<p class=\"\">V\u00e4ldigt bra i spelet med puck och det skulle man vilja se \u00e4nnu mer av. Stod f\u00f6r en assist.<\/p>\n<p class=\"\">Victor Eklund \u2605\u2605\u2605\u2605\u2605\u2605\u2605\u2605 (8)<\/p>\n<p class=\"\">Som en sann k\u00e4mpe lyckades han tv\u00e5 g\u00e5nger spela fram medspelare n\u00e4r han sj\u00e4lv var kn\u00e4st\u00e5ende eller halvliggande. Ingenting \u00e4r om\u00f6jligt! Delaktig i 2\u20132-m\u00e5let. Blev b\u00e4ttre och b\u00e4ttre och b\u00e4ttre.<\/p>\n<p class=\"\">Oula Palve \u2605\u2605\u2605\u2605\u2605\u2605 (6)<\/p>\n<p class=\"\">Tuff start p\u00e5 debuten i DIF-tr\u00f6jan. Inne p\u00e5 f\u00f6rsta m\u00e5let bakom och sedan drog han p\u00e5 sig en utvisning precis n\u00e4r han skulle spela sitt f\u00f6rsta powerplay. Men starkare i andra perioden och assist till 2\u20132. Hade 7\u20136 i tekningar.<\/p>\n<p class=\"\">Joe Snively \u2605\u2605\u2605\u2605\u2605\u2605 (6)<\/p>\n<p class=\"\">Chanspassade bort pucken som startade Fr\u00f6lundas anfall vilket ledde till 1\u20130 i baken. Hade \u00e4ven en del b\u00e4ttre prestationer. Som n\u00e4r han sopade in 2\u20132 och br\u00f6t en m\u00e5ltorka p\u00e5 sex matcher och fyra po\u00e4ngl\u00f6sa.<\/p>\n<p class=\"\">Jesse Yl\u00f6nen \u2605\u2605\u2605\u2605\u2605\u2605 (6)<\/p>\n<p class=\"\">Jobbade h\u00e5rt, men mest l\u00e4ngs sargerna d\u00e4r han har en tendens att fastna. Inne p\u00e5 Fr\u00f6lundas andra m\u00e5l utan att hinna f\u00f6rhindra landsmannen Innala. Men \u00f6verlag ett starkt slit f\u00f6r lagets b\u00e4sta.<\/p>\n<p class=\"\">Marcus Kr\u00fcger \u2605\u2605\u2605\u2605\u2605\u2605\u2605 (7)<\/p>\n<p class=\"\">Tekade bra, vilket \u00e4r viktigt i Scandinavium. T\u00e4ppte till bak\u00e5t och lyckades avstyra n\u00e5n farlig omst\u00e4llning. Bra i boxplay.<\/p>\n<p class=\"\">Anton Frondell \u2605\u2605\u2605\u2605\u2605 (5)<\/p>\n<p class=\"\">Okej i det defensiva jobbet. Blixtrade till n\u00e5gra g\u00e5nger och hade n\u00e5gra puckar p\u00e5 m\u00e5l.<\/p>\n<p class=\"\">Albin Grewe \u2605\u2605\u2605\u2605\u2605\u2605 (6)<\/p>\n<p class=\"\">Som alltid inne p\u00e5 f\u00f6rsta nedsl\u00e4pp f\u00f6r att ge DIF lite taggar. Fick in n\u00e5n tackling och var i v\u00e4gen f\u00f6r minst ett skott.<\/p>\n<p class=\"\">Ludvig Rensfeldt \u2605\u2605\u2605\u2605\u2605\u2605\u2605\u2605 (8)<\/p>\n<p class=\"\">V\u00e4xelspelade sig fram med LaLeggia till en chans. Spelar med tyngd och beslutsamhet. Bra i hemjobbet och att vinna tillbaka puckar. Kunde ha vunnit n\u00e5n mer tekning.<\/p>\n<p class=\"\">Mathias Emilio Pettersen \u2605\u2605\u2605\u2605\u2605 (5)<\/p>\n<p class=\"\">Hade sv\u00e5rt att ta sig in p\u00e5 m\u00e5l och f\u00e5r jobba superh\u00e5rt f\u00f6r sina l\u00e4gen.<\/p>\n<p class=\"\">H\u00e5vard Salsten \u2013 spelade f\u00f6r lite och betygs\u00e4tts ej<\/p>\n<p><a class=\"block my-8\" href=\"https:\/\/hockeynews.se\/hockeynewsguiden\/djurgardens-if\" rel=\"nofollow noopener\" target=\"_blank\"><img alt=\"\" loading=\"lazy\" width=\"1080\" height=\"200\" decoding=\"async\" data-nimg=\"1\" style=\"color:transparent\" src=\"https:\/\/www.europesays.com\/se\/wp-content\/uploads\/2025\/09\/FkvZhfAleyQjbxIl4S6QSI9tnRaRSVIQp3z7qVSO.png\"\/><\/a>Kommentarer TopprankadeSenaste\u00c4ldstaTrendar<\/p>\n<p>Skaffa PLUS f\u00f6r att kommentera<\/p>\n<p>Med en aktiv PLUS-prenumeration kan du kommentera, svara p\u00e5 andra och gilla kommentarer.<\/p>\n<p><a class=\"btn-primary btn-small\" href=\"https:\/\/hockeynews.se\/plus\" rel=\"nofollow noopener\" target=\"_blank\">Skaffa PLUS<\/a><\/p>\n<p>Halva priset p\u00e5 TV4 Play Sport Hockey \u2013 <a class=\"text-yellow underline\" href=\"https:\/\/www.tv4play.se\/kampanj\/hockeynewshockey\" rel=\"nofollow noopener\" target=\"_blank\">f\u00e5 kod med Hockeynews h\u00e4r!<\/a> (Annons)<\/p>\n<p><a class=\"text-yellow underline font-bold\" href=\"https:\/\/hockeynews.se\/app\" rel=\"nofollow noopener\" target=\"_blank\">H\u00e4mta Hockeynews app f\u00f6r iOS och Android<\/a> &#8211; gratis: nyheter, sp\u00e4nnande silly, unik inside, exklusiva intervjuer och matchrapporter fr\u00e5n alla ligor<\/p>\n","protected":false},"excerpt":{"rendered":"Betygskala 1-10 stj\u00e4rnor\u2605 = Allsvensk klass\u2605\u2605 = N\u00e4ra allsvensk klass\u2605\u2605\u2605 = Tveksam SHL-insats\u2605\u2605\u2605\u2605 = Kan b\u00e4ttre\u2605\u2605\u2605\u2605\u2605= Godk\u00e4nd\u2605\u2605\u2605\u2605\u2605\u2605\u00a0 =&hellip;\n","protected":false},"author":2,"featured_media":97730,"comment_status":"","ping_status":"","sticky":false,"template":"","format":"standard","meta":{"footnotes":""},"categories":[68],"tags":[34,111,110,31,33,32,30],"class_list":{"0":"post-97729","1":"post","2":"type-post","3":"status-publish","4":"format-standard","5":"has-post-thumbnail","7":"category-sport","8":"tag-se","9":"tag-sport","10":"tag-sports","11":"tag-svenska","12":"tag-sverige","13":"tag-sweden","14":"tag-swedish"},"share_on_mastodon":{"url":"https:\/\/pubeurope.com\/@se\/115666185475899462","error":""},"_links":{"self":[{"href":"https:\/\/www.europesays.com\/se\/wp-json\/wp\/v2\/posts\/97729","targetHints":{"allow":["GET"]}}],"collection":[{"href":"https:\/\/www.europesays.com\/se\/wp-json\/wp\/v2\/posts"}],"about":[{"href":"https:\/\/www.europesays.com\/se\/wp-json\/wp\/v2\/types\/post"}],"author":[{"embeddable":true,"href":"https:\/\/www.europesays.com\/se\/wp-json\/wp\/v2\/users\/2"}],"replies":[{"embeddable":true,"href":"https:\/\/www.europesays.com\/se\/wp-json\/wp\/v2\/comments?post=97729"}],"version-history":[{"count":0,"href":"https:\/\/www.europesays.com\/se\/wp-json\/wp\/v2\/posts\/97729\/revisions"}],"wp:featuredmedia":[{"embeddable":true,"href":"https:\/\/www.europesays.com\/se\/wp-json\/wp\/v2\/media\/97730"}],"wp:attachment":[{"href":"https:\/\/www.europesays.com\/se\/wp-json\/wp\/v2\/media?parent=97729"}],"wp:term":[{"taxonomy":"category","embeddable":true,"href":"https:\/\/www.europesays.com\/se\/wp-json\/wp\/v2\/categories?post=97729"},{"taxonomy":"post_tag","embeddable":true,"href":"https:\/\/www.europesays.com\/se\/wp-json\/wp\/v2\/tags?post=97729"}],"curies":[{"name":"wp","href":"https:\/\/api.w.org\/{rel}","templated":true}]}}