{"id":97737,"date":"2025-12-05T09:18:19","date_gmt":"2025-12-05T09:18:19","guid":{"rendered":"https:\/\/www.europesays.com\/se\/97737\/"},"modified":"2025-12-05T09:18:19","modified_gmt":"2025-12-05T09:18:19","slug":"langdskidor-styrkebesked-av-linn-svahn-i-debuten-valdigt-imponerande","status":"publish","type":"post","link":"https:\/\/www.europesays.com\/se\/97737\/","title":{"rendered":"L\u00e4ngdskidor: Styrkebesked av Linn Svahn i debuten: \u201dV\u00e4ldigt imponerande\u201d"},"content":{"rendered":"<p>\u2013 Det var inte \u00f6verraskande men v\u00e4ldigt imponerande. Det var fin skid\u00e5kning. Hennes fjol\u00e5rss\u00e4song slutade i Trondheim, hennes OS-s\u00e4song b\u00f6rjar i Trondheim och det b\u00f6rjade bra, s\u00e4ger experten Anders Blomquist. <\/p>\n<p>Finl\u00e4ndskan Jami Joensuu vann kvalet p\u00e5 3.26,06 f\u00f6re Moa Ilar, som fick \u00e4nnu ett bra formbesked, och Svahn som var trea \u2013 1,56 efter t\u00e4ten.<\/p>\n<p>Samtliga sex svenska \u00e5kare gick s\u00e4kert vidare till finalpasset som inleds klockan 12.15 med kvartsfinalerna. F\u00f6rutom pallduon handlar det om Emma Ribom, Jonna Sundling, Johanna Hagstr\u00f6m och Maja Dahlqvist. <\/p>\n<p>Det var p\u00e5 tr\u00e4ning innan sprinten i VM februari som Svahn kraschade i en utf\u00f6rsl\u00f6pa och \u00e5kte p\u00e5 en allvarlig hj\u00e4rnskakning som h\u00e5llit henne borta \u00e4nda sedan dess. <\/p>\n<p>Hon dras fortfarande med sviterna och kommer bara att ge intervjuer med s\u00e4ndande bolag Viaplay i samband med m\u00e5lg\u00e5ng f\u00f6r att undvika hj\u00e4rntr\u00f6tthet.<\/p>\n<p><a href=\"https:\/\/live.fis-ski.com\/cc-2213\/results-pda.htm?t=1764918930&amp;fisv=1761316789\" rel=\"nofollow noopener\" target=\"_blank\">Till resultaten. <\/a><\/p>\n","protected":false},"excerpt":{"rendered":"\u2013 Det var inte \u00f6verraskande men v\u00e4ldigt imponerande. Det var fin skid\u00e5kning. Hennes fjol\u00e5rss\u00e4song slutade i Trondheim, hennes&hellip;\n","protected":false},"author":2,"featured_media":97738,"comment_status":"","ping_status":"","sticky":false,"template":"","format":"standard","meta":{"footnotes":""},"categories":[68],"tags":[34,111,110,31,33,32,30],"class_list":{"0":"post-97737","1":"post","2":"type-post","3":"status-publish","4":"format-standard","5":"has-post-thumbnail","7":"category-sport","8":"tag-se","9":"tag-sport","10":"tag-sports","11":"tag-svenska","12":"tag-sverige","13":"tag-sweden","14":"tag-swedish"},"share_on_mastodon":{"url":"https:\/\/pubeurope.com\/@se\/115666216732812738","error":""},"_links":{"self":[{"href":"https:\/\/www.europesays.com\/se\/wp-json\/wp\/v2\/posts\/97737","targetHints":{"allow":["GET"]}}],"collection":[{"href":"https:\/\/www.europesays.com\/se\/wp-json\/wp\/v2\/posts"}],"about":[{"href":"https:\/\/www.europesays.com\/se\/wp-json\/wp\/v2\/types\/post"}],"author":[{"embeddable":true,"href":"https:\/\/www.europesays.com\/se\/wp-json\/wp\/v2\/users\/2"}],"replies":[{"embeddable":true,"href":"https:\/\/www.europesays.com\/se\/wp-json\/wp\/v2\/comments?post=97737"}],"version-history":[{"count":0,"href":"https:\/\/www.europesays.com\/se\/wp-json\/wp\/v2\/posts\/97737\/revisions"}],"wp:featuredmedia":[{"embeddable":true,"href":"https:\/\/www.europesays.com\/se\/wp-json\/wp\/v2\/media\/97738"}],"wp:attachment":[{"href":"https:\/\/www.europesays.com\/se\/wp-json\/wp\/v2\/media?parent=97737"}],"wp:term":[{"taxonomy":"category","embeddable":true,"href":"https:\/\/www.europesays.com\/se\/wp-json\/wp\/v2\/categories?post=97737"},{"taxonomy":"post_tag","embeddable":true,"href":"https:\/\/www.europesays.com\/se\/wp-json\/wp\/v2\/tags?post=97737"}],"curies":[{"name":"wp","href":"https:\/\/api.w.org\/{rel}","templated":true}]}}