{"id":97782,"date":"2025-12-05T10:03:10","date_gmt":"2025-12-05T10:03:10","guid":{"rendered":"https:\/\/www.europesays.com\/se\/97782\/"},"modified":"2025-12-05T10:03:10","modified_gmt":"2025-12-05T10:03:10","slug":"genomic-medicine-sweden-lanserar-rapport-om-utveckling-av-precisionsmedicin-i-sverige","status":"publish","type":"post","link":"https:\/\/www.europesays.com\/se\/97782\/","title":{"rendered":"Genomic Medicine Sweden lanserar rapport om utveckling av precisionsmedicin i Sverige"},"content":{"rendered":"<p>Rapporten \u201dSamverkan inom precisionsmedicin sedan 2017\u201d beskriver hur Sveriges framsteg p\u00e5 omr\u00e5det har tagit form de senaste \u00e5ren. Fler patienter f\u00e5r idag tillg\u00e5ng till individanpassad behandling, och samarbetet med n\u00e4ringslivet \u00e4r en viktig del av den utvecklingen.<\/p>\n<p>Genomic Medicine Swedens rapport <a href=\"https:\/\/genomicmedicine.se\/var-verksamhet\/rapporter\/genomic-medicine-sweden-samverkan-inom-precisionsmedicin-sedan-2017\/\" rel=\"nofollow noopener\" target=\"_blank\">\u201dSamverkan inom precisionsmedicin sedan 2017\u201d<\/a> sammanfattar hur de nationella framstegen p\u00e5 omr\u00e5det har tagit form de senaste \u00e5ren. Den visar att bred samverkan mellan centrala akt\u00f6rer som bland annat v\u00e5rd, n\u00e4ringsliv och akademi har gjort att fler patienter i dag f\u00e5r tillg\u00e5ng till mer tr\u00e4ffs\u00e4ker diagnostik och individanpassad behandling.<\/p>\n<p>\u00a0Frida Lundmark, ansvarig f\u00f6r forskning och utveckling p\u00e5 Lif, s\u00e4ger att rapporten \u00e4r ett viktigt verktyg f\u00f6r att tydligg\u00f6ra styrkeomr\u00e5den och marknadsf\u00f6ra Sverige som ett ledande land in omr\u00e5det.<\/p>\n<p>\u2013 Vi har visat att det g\u00e5r att bygga upp och implementera avancerad genomikanalys i praktiken, en b\u00e4rande del av en precisionsmedicinsbaserad h\u00e4lso- och sjukv\u00e5rd. F\u00f6r att den ska vara tillg\u00e4nglig f\u00f6r alla patienter i sjukv\u00e5rden beh\u00f6vs en t\u00e4t samverkan med de f\u00f6retag som utvecklar m\u00e5linriktade behandlingar och diagnostik f\u00f6r att snabba p\u00e5 implementeringen av nya behandlingar och attrahera fler kliniska pr\u00f6vningar till Sverige. Att fortsatt arbeta med att vidareutveckla samarbetet med n\u00e4ringslivet b\u00f6r d\u00e4rf\u00f6r st\u00e5 h\u00f6gt p\u00e5 agendan.<\/p>\n<p>Sedan starten 2017 har sju regionala genomic medicine centers etablerats. GMS har \u00e4ven inf\u00f6rt helgenomsekvensering i v\u00e5rden f\u00f6r s\u00e4llsynta diagnoser och barncancer och tagit fram nationella genpaneler f\u00f6r blodcancer och solida tum\u00f6rer.<\/p>\n<p>En viktig del av utvecklingen \u00e4r den nationella genomikplattformen (NGP), som g\u00f6r det m\u00f6jligt att lagra och dela genomikdata p\u00e5 ett s\u00e4kert och enhetligt s\u00e4tt \u00f6ver hela landet. Frida Lundmark s\u00e4ger att satsningarna \u00e4r v\u00e4rdefulla f\u00f6r de forskande l\u00e4kemedelsf\u00f6retagen.<\/p>\n<p>\u2013\u00a0 Jag vill s\u00e4rskilt lyfta antalsber\u00e4kningsportalen som nu etableras inom ramen f\u00f6r den nationella genomikplattformen. Det \u00e4r ett str\u00e5lande exempel p\u00e5 hur man st\u00e4rkt samverkan med n\u00e4ringslivet. Portalen ska underl\u00e4tta f\u00f6r f\u00f6retag att baserat p\u00e5 genomikprofil g\u00f6ra antalsber\u00e4kningar inf\u00f6r en klinisk pr\u00f6vning.<\/p>\n<p>Genomic Medicine Swedens arbete har st\u00e4rkt f\u00f6ruts\u00e4ttningarna f\u00f6r att implementera precisionsmedicin i svensk sjukv\u00e5rd. Viktigt f\u00f6r Sverige fram\u00f6ver \u00e4r att \u00e4ven snabba p\u00e5 inf\u00f6randet av de l\u00e4kemedel och diagnostikmetoder som utvecklas.<\/p>\n<p>\u2013\u00a0 Det styr hur mycket f\u00f6retagen vill satsa p\u00e5 forskning och utveckling h\u00e4r och \u00e4r d\u00e4rf\u00f6r avg\u00f6rande f\u00f6r att Sverige ska leva upp till ambitionen om att vara ett ledande land i implementering av precisionsmedicin, konstaterar Frida Lundmark.<\/p>\n","protected":false},"excerpt":{"rendered":"Rapporten \u201dSamverkan inom precisionsmedicin sedan 2017\u201d beskriver hur Sveriges framsteg p\u00e5 omr\u00e5det har tagit form de senaste \u00e5ren.&hellip;\n","protected":false},"author":2,"featured_media":97783,"comment_status":"","ping_status":"","sticky":false,"template":"","format":"standard","meta":{"footnotes":""},"categories":[12],"tags":[22,23,26,27,17,21,24,25,28,29,15,16,18,34,31,33,32,30,19,20],"class_list":{"0":"post-97782","1":"post","2":"type-post","3":"status-publish","4":"format-standard","5":"has-post-thumbnail","7":"category-sverige","8":"tag-breaking-news","9":"tag-breakingnews","10":"tag-featured-news","11":"tag-featurednews","12":"tag-headlines","13":"tag-huvudnyheter","14":"tag-latest-news","15":"tag-latestnews","16":"tag-main-news","17":"tag-mainnews","18":"tag-news","19":"tag-nyheter","20":"tag-rubriker","21":"tag-se","22":"tag-svenska","23":"tag-sverige","24":"tag-sweden","25":"tag-swedish","26":"tag-top-stories","27":"tag-topstories"},"share_on_mastodon":{"url":"https:\/\/pubeurope.com\/@se\/115666393708735077","error":""},"_links":{"self":[{"href":"https:\/\/www.europesays.com\/se\/wp-json\/wp\/v2\/posts\/97782","targetHints":{"allow":["GET"]}}],"collection":[{"href":"https:\/\/www.europesays.com\/se\/wp-json\/wp\/v2\/posts"}],"about":[{"href":"https:\/\/www.europesays.com\/se\/wp-json\/wp\/v2\/types\/post"}],"author":[{"embeddable":true,"href":"https:\/\/www.europesays.com\/se\/wp-json\/wp\/v2\/users\/2"}],"replies":[{"embeddable":true,"href":"https:\/\/www.europesays.com\/se\/wp-json\/wp\/v2\/comments?post=97782"}],"version-history":[{"count":0,"href":"https:\/\/www.europesays.com\/se\/wp-json\/wp\/v2\/posts\/97782\/revisions"}],"wp:featuredmedia":[{"embeddable":true,"href":"https:\/\/www.europesays.com\/se\/wp-json\/wp\/v2\/media\/97783"}],"wp:attachment":[{"href":"https:\/\/www.europesays.com\/se\/wp-json\/wp\/v2\/media?parent=97782"}],"wp:term":[{"taxonomy":"category","embeddable":true,"href":"https:\/\/www.europesays.com\/se\/wp-json\/wp\/v2\/categories?post=97782"},{"taxonomy":"post_tag","embeddable":true,"href":"https:\/\/www.europesays.com\/se\/wp-json\/wp\/v2\/tags?post=97782"}],"curies":[{"name":"wp","href":"https:\/\/api.w.org\/{rel}","templated":true}]}}