{"id":97798,"date":"2025-12-05T10:20:09","date_gmt":"2025-12-05T10:20:09","guid":{"rendered":"https:\/\/www.europesays.com\/se\/97798\/"},"modified":"2025-12-05T10:20:09","modified_gmt":"2025-12-05T10:20:09","slug":"rektorn-samlade-eleverna-efter-dodsbeskedet-ostersunds-posten","status":"publish","type":"post","link":"https:\/\/www.europesays.com\/se\/97798\/","title":{"rendered":"Rektorn samlade eleverna efter d\u00f6dsbeskedet &#8211; \u00d6stersunds-Posten"},"content":{"rendered":"<ol>\n<li><a href=\"https:\/\/news.google.com\/rss\/articles\/CBMiiwFBVV95cUxNWHF5WS03VzcwQ0xEdUJfY2gtT09aMjFTSldBVkpUTEtIYUw0NWhKbUhtU3hmMXNzQ3VHdG5PYnRHLTBucHhxcE5QaEVkYUJYSU5oSzhycjVTTmY5RGMyRDFSQlVQMmM4YTZaT2FDcHBvT2VSbnVWZG1GWXF3VE9TbTR2ajJ0RTNvY1lj?oc=5\" target=\"_blank\" rel=\"nofollow noopener\">Rektorn samlade eleverna efter d\u00f6dsbeskedet<\/a>&nbsp;&nbsp;\u00d6stersunds-Posten<\/li>\n<li><a href=\"https:\/\/news.google.com\/rss\/articles\/CBMioAFBVV95cUxNUnl0ZGdzbENFaGxxUTRBZWhycmhUU0lZUUNfZGRCZmZDMDBIVWlINDdFV2VjMHA4MUFYRVpUOTRUYWRYNFpoVmFzT2t1SU92WkFfWlF5Ym4zQzdmenlQRUxHWUt5SWFEUF9xcENhdG5wb2dzYVVWMFBxZmdQRVh4cGk5VUdkXzFxOGJMRzF3dlpNclhYU2JhbDZpWW1WSTdN?oc=5\" target=\"_blank\" rel=\"nofollow noopener\">Polisen om d\u00f6dsolyckan i \u00c5re: \u201dHan ramlade\u201d<\/a>&nbsp;&nbsp;Aftonbladet<\/li>\n<li><a href=\"https:\/\/news.google.com\/rss\/articles\/CBMifEFVX3lxTE1fX0ZVV0ZqN0F3eUJhYTg4cVgwX19GUW5UMnRNZjZBaG5NTTFhVVJnZ216bkxwTkliUkVLU0pWY0NpQzBiZE5QV3NjX1dfSUo2SEMzVFdyaG5xM241dmptT3BvN0lqTmpFSUVxc19odEtDNDN4QmRiQUdhQXY?oc=5\" target=\"_blank\" rel=\"nofollow noopener\">Man d\u00f6d efter sv\u00e5r olycka i skidbacke i \u00c5re: \u201dVi beklagar\u201d<\/a>&nbsp;&nbsp;Expressen<\/li>\n<li><a href=\"https:\/\/news.google.com\/rss\/articles\/CBMijAFBVV95cUxOdVBLTFlxVVE3djVTOXlKSzQ2RzJ5MEVjdHplVUhnM0o4XzNHWGYyTGRHTTZJRUhyd2cxVDVKekdXdkFsQlBLMVZDWE1BOTdoQUNJZHFFSjF3UXJodmZqSzQ3TkJOVjhvblNpWFh0TVRycmZacG1CRXFXQ2sxbnZobWtndVVxenZKejY1cg?oc=5\" target=\"_blank\" rel=\"nofollow noopener\">Man d\u00f6d efter skidolycka i \u00c5re<\/a>&nbsp;&nbsp;SVT Nyheter<\/li>\n<li><a href=\"https:\/\/news.google.com\/rss\/articles\/CBMie0FVX3lxTE9PeTR1M3k5Y0Y5dDktSmhzMmVSeVRreFZjY1h1WEdaNzZSMmF2X3Y4dENidDVVbEN3RGd5dUZPTG9laTJkX2k2UjN5RVRacjhlUjREeGk3cXBhM1p1UnBQUGxMOUFvNFJsMWtRcE5yZDBlQ2RYOEgzdjFEWQ?oc=5\" target=\"_blank\" rel=\"nofollow noopener\">\u201dHemsk v\u00e4ntan\u201d \u2013 krisgrupp anordnad f\u00f6r anh\u00f6riga<\/a>&nbsp;&nbsp;\u00d6stersunds-Posten<\/li>\n<\/ol>\n","protected":false},"excerpt":{"rendered":"Rektorn samlade eleverna efter d\u00f6dsbeskedet&nbsp;&nbsp;\u00d6stersunds-Posten Polisen om d\u00f6dsolyckan i \u00c5re: \u201dHan ramlade\u201d&nbsp;&nbsp;Aftonbladet Man d\u00f6d efter sv\u00e5r olycka i&hellip;\n","protected":false},"author":2,"featured_media":97799,"comment_status":"","ping_status":"","sticky":false,"template":"","format":"standard","meta":{"footnotes":""},"categories":[5],"tags":[22,23,26,27,17,21,24,25,28,29,15,16,18,34,31,33,32,30,19,20],"class_list":{"0":"post-97798","1":"post","2":"type-post","3":"status-publish","4":"format-standard","5":"has-post-thumbnail","7":"category-rubriker","8":"tag-breaking-news","9":"tag-breakingnews","10":"tag-featured-news","11":"tag-featurednews","12":"tag-headlines","13":"tag-huvudnyheter","14":"tag-latest-news","15":"tag-latestnews","16":"tag-main-news","17":"tag-mainnews","18":"tag-news","19":"tag-nyheter","20":"tag-rubriker","21":"tag-se","22":"tag-svenska","23":"tag-sverige","24":"tag-sweden","25":"tag-swedish","26":"tag-top-stories","27":"tag-topstories"},"share_on_mastodon":{"url":"https:\/\/pubeurope.com\/@se\/115666460549457176","error":""},"_links":{"self":[{"href":"https:\/\/www.europesays.com\/se\/wp-json\/wp\/v2\/posts\/97798","targetHints":{"allow":["GET"]}}],"collection":[{"href":"https:\/\/www.europesays.com\/se\/wp-json\/wp\/v2\/posts"}],"about":[{"href":"https:\/\/www.europesays.com\/se\/wp-json\/wp\/v2\/types\/post"}],"author":[{"embeddable":true,"href":"https:\/\/www.europesays.com\/se\/wp-json\/wp\/v2\/users\/2"}],"replies":[{"embeddable":true,"href":"https:\/\/www.europesays.com\/se\/wp-json\/wp\/v2\/comments?post=97798"}],"version-history":[{"count":0,"href":"https:\/\/www.europesays.com\/se\/wp-json\/wp\/v2\/posts\/97798\/revisions"}],"wp:featuredmedia":[{"embeddable":true,"href":"https:\/\/www.europesays.com\/se\/wp-json\/wp\/v2\/media\/97799"}],"wp:attachment":[{"href":"https:\/\/www.europesays.com\/se\/wp-json\/wp\/v2\/media?parent=97798"}],"wp:term":[{"taxonomy":"category","embeddable":true,"href":"https:\/\/www.europesays.com\/se\/wp-json\/wp\/v2\/categories?post=97798"},{"taxonomy":"post_tag","embeddable":true,"href":"https:\/\/www.europesays.com\/se\/wp-json\/wp\/v2\/tags?post=97798"}],"curies":[{"name":"wp","href":"https:\/\/api.w.org\/{rel}","templated":true}]}}