{"id":97836,"date":"2025-12-05T11:00:23","date_gmt":"2025-12-05T11:00:23","guid":{"rendered":"https:\/\/www.europesays.com\/se\/97836\/"},"modified":"2025-12-05T11:00:23","modified_gmt":"2025-12-05T11:00:23","slug":"vill-kunna-ta-gangtoppars-medborgarskap-svd","status":"publish","type":"post","link":"https:\/\/www.europesays.com\/se\/97836\/","title":{"rendered":"Vill kunna ta g\u00e4ngtoppars medborgarskap &#8211; SvD"},"content":{"rendered":"<ol>\n<li><a href=\"https:\/\/news.google.com\/rss\/articles\/CBMidkFVX3lxTE5EcGZvR1ZJLXJTSXlwOVdDSjVPWDFBQ24xQnlZc3lCbzdTejVOdy0wb1NHSHp5bGxiN3VVQ0U0V0wxTGdib0JQMUw5M1U3c1g3UmZyT3FvazV5S3ZUYzJTYWZPMkF0NkUzTHo4d29TN29YNlFWSWc?oc=5\" target=\"_blank\" rel=\"nofollow noopener\">Vill kunna ta g\u00e4ngtoppars medborgarskap<\/a>&nbsp;&nbsp;SvD<\/li>\n<li><a href=\"https:\/\/news.google.com\/rss\/articles\/CBMiigFBVV95cUxQNzY5aFJudkthNzVjNU5oRVhjbms3S09FOTRGbG1mZkotUmFiNmEyczFoMzFQU25menJueE4yMTlxMkp5STBIVnJnZm9zRUpTTGRaQjZpUHlnZURIZ1RTUlZXZE5qV0U0MjAtQkdaM0lPTkE2aG1wN1NWT2JOb3lZdWFYNUxjcEJfZFE?oc=5\" target=\"_blank\" rel=\"nofollow noopener\">Regeringen vill \u00e5terkalla medborgarskap f\u00f6r g\u00e4ngtoppar<\/a>&nbsp;&nbsp;Aftonbladet<\/li>\n<li><a href=\"https:\/\/news.google.com\/rss\/articles\/CBMiogFBVV95cUxNemRtTWlWN09KMkpLM0NwcHM2YzJrWExMdVBZMnM5UFZUVGFacmIwT3lELWs4TUFJbXNoUTZlZndkXzViaXVfMUZVbnZmTHZMbklkdnkxdVpLTE9fNXRnaHlwd3VRWXlOZDBrdE16Z3RPQWVUeW5pQm9PbW9JajlMLVFiMmRxV0Y3dU4xTmtfSkdyTUp3UTVEdkQzV0Y3b3pLRGc?oc=5\" target=\"_blank\" rel=\"nofollow noopener\">Regeringen vill \u00e4ndra grundlagen \u2013 presstr\u00e4ff med Gunnar Str\u00f6mmer (M)<\/a>&nbsp;&nbsp;SVT Nyheter<\/li>\n<li><a href=\"https:\/\/news.google.com\/rss\/articles\/CBMirgFBVV95cUxNSXRCUXFGMVlCUEY1WjFocE81R0k2a2dvUkxuUmxqZTBURkJjZlZPMUY4dFpDR1FJUlFNMWZhT1NvS1k0TlZpV2UxTFNkNVZKUEtmQ3Z4RTBiX0xRUzNuVXRmVnBKUDA1LUxyRTgySm9URUV4S1Z5emhhVDUzM3BIZ0V4VnFPVmx3RFhoaDB6a3pQak9FamFRNW02M2w1U1Ixcjk1ZnlhTWdpYzR2UEE?oc=5\" target=\"_blank\" rel=\"nofollow noopener\">Regeringen vill g\u00f6ra det straffbart att vara med i kriminella g\u00e4ng<\/a>&nbsp;&nbsp;Expressen<\/li>\n<li><a href=\"https:\/\/news.google.com\/rss\/articles\/CBMikAFBVV95cUxPM2psbTNnX1BUY1lMM25HZVdyZFhEOEw5Q0x1Wkw3WVk5ZlY3MU9HbkVnQ1gtaEZ0X3BZZTZHbmgtdXg2bmxaNjgxOFhSOXh4RG03bzhCSWZYSmlOZEFoNzNfOEZSZzBxOEo3ajJTR0JtOUFrczJsbW40dWJ0ZGVGYlc2d2NRemhOaURiSlhNN1g?oc=5\" target=\"_blank\" rel=\"nofollow noopener\">606: Tid\u00f6g\u00e4nget vill \u00e5terkalla g\u00e4ngkriminellas pass 4 december 2025 &#8211; Det politiska spelet<\/a>&nbsp;&nbsp;Sveriges Radio<\/li>\n<\/ol>\n","protected":false},"excerpt":{"rendered":"Vill kunna ta g\u00e4ngtoppars medborgarskap&nbsp;&nbsp;SvD Regeringen vill \u00e5terkalla medborgarskap f\u00f6r g\u00e4ngtoppar&nbsp;&nbsp;Aftonbladet Regeringen vill \u00e4ndra grundlagen \u2013 presstr\u00e4ff med&hellip;\n","protected":false},"author":2,"featured_media":97837,"comment_status":"","ping_status":"","sticky":false,"template":"","format":"standard","meta":{"footnotes":""},"categories":[5],"tags":[22,23,26,27,17,21,24,25,28,29,15,16,18,34,31,33,32,30,19,20],"class_list":{"0":"post-97836","1":"post","2":"type-post","3":"status-publish","4":"format-standard","5":"has-post-thumbnail","7":"category-rubriker","8":"tag-breaking-news","9":"tag-breakingnews","10":"tag-featured-news","11":"tag-featurednews","12":"tag-headlines","13":"tag-huvudnyheter","14":"tag-latest-news","15":"tag-latestnews","16":"tag-main-news","17":"tag-mainnews","18":"tag-news","19":"tag-nyheter","20":"tag-rubriker","21":"tag-se","22":"tag-svenska","23":"tag-sverige","24":"tag-sweden","25":"tag-swedish","26":"tag-top-stories","27":"tag-topstories"},"share_on_mastodon":{"url":"https:\/\/pubeurope.com\/@se\/115666617876863561","error":""},"_links":{"self":[{"href":"https:\/\/www.europesays.com\/se\/wp-json\/wp\/v2\/posts\/97836","targetHints":{"allow":["GET"]}}],"collection":[{"href":"https:\/\/www.europesays.com\/se\/wp-json\/wp\/v2\/posts"}],"about":[{"href":"https:\/\/www.europesays.com\/se\/wp-json\/wp\/v2\/types\/post"}],"author":[{"embeddable":true,"href":"https:\/\/www.europesays.com\/se\/wp-json\/wp\/v2\/users\/2"}],"replies":[{"embeddable":true,"href":"https:\/\/www.europesays.com\/se\/wp-json\/wp\/v2\/comments?post=97836"}],"version-history":[{"count":0,"href":"https:\/\/www.europesays.com\/se\/wp-json\/wp\/v2\/posts\/97836\/revisions"}],"wp:featuredmedia":[{"embeddable":true,"href":"https:\/\/www.europesays.com\/se\/wp-json\/wp\/v2\/media\/97837"}],"wp:attachment":[{"href":"https:\/\/www.europesays.com\/se\/wp-json\/wp\/v2\/media?parent=97836"}],"wp:term":[{"taxonomy":"category","embeddable":true,"href":"https:\/\/www.europesays.com\/se\/wp-json\/wp\/v2\/categories?post=97836"},{"taxonomy":"post_tag","embeddable":true,"href":"https:\/\/www.europesays.com\/se\/wp-json\/wp\/v2\/tags?post=97836"}],"curies":[{"name":"wp","href":"https:\/\/api.w.org\/{rel}","templated":true}]}}