{"id":97921,"date":"2025-12-05T12:30:08","date_gmt":"2025-12-05T12:30:08","guid":{"rendered":"https:\/\/www.europesays.com\/se\/97921\/"},"modified":"2025-12-05T12:30:08","modified_gmt":"2025-12-05T12:30:08","slug":"brist-pa-tider-vid-halsocentralen-men-influensavaccineringen-har-lopt-pa","status":"publish","type":"post","link":"https:\/\/www.europesays.com\/se\/97921\/","title":{"rendered":"Brist p\u00e5 tider vid h\u00e4lsocentralen men influensavaccineringen har l\u00f6pt p\u00e5\u00a0"},"content":{"rendered":"<p>De planerade tiderna \u00e4r f\u00e4rre i antal p\u00e5 grund av en l\u00e4gre produktionstakt, men antalet jourtider har \u00f6kats f\u00f6r att kunna ta emot sjuka personer. Ringbom s\u00e4ger att man hoppas p\u00e5 ett f\u00f6r\u00e4ndrat l\u00e4ge efter \u00e5rsskiftet.<\/p>\n<p>\u2013 Vi har ett produktionstapp p\u00e5 s\u00e5 mycket som en \u00e5ttondedel. Men minns d\u00e5 att det var det ett tag efter Cosmicinf\u00f6randet som vi var nere p\u00e5 halv takt, s\u00e4ger hon.<\/p>\n<p>Influensavaccinationerna har enligt Malin Ringbom l\u00f6pt p\u00e5 och hon s\u00e4ger att man fr\u00e5n \u00c5HS st\u00e5r redo inf\u00f6r vintern. Enligt henne \u00e4r det sv\u00e5rt att s\u00e4ga hur \u00e5rets influensas\u00e4song kommer att bli och p\u00e5 torsdagen hade man \u00e4nnu inte uppt\u00e4ckt n\u00e5gon influensa under s\u00e4songens provtagningar vid \u00c5HS.<\/p>\n<p>Vaccinationskampanjen p\u00e5g\u00e5r till och med n\u00e4sta l\u00f6rdag. Det \u00e4r bokning som g\u00e4ller och datumet som finns kvar \u00e4r den 13 december.<\/p>\n<p>Publicerad 5.12.2025 kl. 12:42|Uppdaterad 5.12.2025 kl. 13:52<\/p>\n","protected":false},"excerpt":{"rendered":"De planerade tiderna \u00e4r f\u00e4rre i antal p\u00e5 grund av en l\u00e4gre produktionstakt, men antalet jourtider har \u00f6kats&hellip;\n","protected":false},"author":2,"featured_media":65390,"comment_status":"","ping_status":"","sticky":false,"template":"","format":"standard","meta":{"footnotes":""},"categories":[69],"tags":[113,112,34,31,33,32,30],"class_list":{"0":"post-97921","1":"post","2":"type-post","3":"status-publish","4":"format-standard","5":"has-post-thumbnail","7":"category-halsa","8":"tag-halsa","9":"tag-health","10":"tag-se","11":"tag-svenska","12":"tag-sverige","13":"tag-sweden","14":"tag-swedish"},"share_on_mastodon":{"url":"https:\/\/pubeurope.com\/@se\/115666971790248693","error":""},"_links":{"self":[{"href":"https:\/\/www.europesays.com\/se\/wp-json\/wp\/v2\/posts\/97921","targetHints":{"allow":["GET"]}}],"collection":[{"href":"https:\/\/www.europesays.com\/se\/wp-json\/wp\/v2\/posts"}],"about":[{"href":"https:\/\/www.europesays.com\/se\/wp-json\/wp\/v2\/types\/post"}],"author":[{"embeddable":true,"href":"https:\/\/www.europesays.com\/se\/wp-json\/wp\/v2\/users\/2"}],"replies":[{"embeddable":true,"href":"https:\/\/www.europesays.com\/se\/wp-json\/wp\/v2\/comments?post=97921"}],"version-history":[{"count":0,"href":"https:\/\/www.europesays.com\/se\/wp-json\/wp\/v2\/posts\/97921\/revisions"}],"wp:featuredmedia":[{"embeddable":true,"href":"https:\/\/www.europesays.com\/se\/wp-json\/wp\/v2\/media\/65390"}],"wp:attachment":[{"href":"https:\/\/www.europesays.com\/se\/wp-json\/wp\/v2\/media?parent=97921"}],"wp:term":[{"taxonomy":"category","embeddable":true,"href":"https:\/\/www.europesays.com\/se\/wp-json\/wp\/v2\/categories?post=97921"},{"taxonomy":"post_tag","embeddable":true,"href":"https:\/\/www.europesays.com\/se\/wp-json\/wp\/v2\/tags?post=97921"}],"curies":[{"name":"wp","href":"https:\/\/api.w.org\/{rel}","templated":true}]}}