{"id":97924,"date":"2025-12-05T12:33:12","date_gmt":"2025-12-05T12:33:12","guid":{"rendered":"https:\/\/www.europesays.com\/se\/97924\/"},"modified":"2025-12-05T12:33:12","modified_gmt":"2025-12-05T12:33:12","slug":"fujifilm-lanserar-ny-specialtoner-till-mellansegmentet","status":"publish","type":"post","link":"https:\/\/www.europesays.com\/se\/97924\/","title":{"rendered":"Fujifilm lanserar ny specialtoner till mellansegmentet"},"content":{"rendered":"<p>\t\t\t\t\t<img fetchpriority=\"high\" decoding=\"async\" class=\"wp-image-211148 size-full\" src=\"https:\/\/www.europesays.com\/se\/wp-content\/uploads\/2025\/12\/mark-lawn-kopie.jpg\" alt=\"\" width=\"800\" height=\"510\"  \/>\u201dMetalliska effekter kan verkligen g\u00f6ra intryck och anv\u00e4ndningen av metalliska f\u00e4rger p\u00e5 produktf\u00f6rpackningar, butiksexponeringar och visitkort kan ge en enorm synlighets\u00f6kning\u201d s\u00e4ger Mark Lawn, p\u00e5 Fujifilm EMEA.<\/p>\n<p><strong>Fujifilm lanserar guldtoner f\u00f6r sina mellansegmentskrivare i Revoria 5UPER COLOUR-serien.<\/strong><\/p>\n<p>Lanseringen f\u00f6ljer efter den framg\u00e5ngsrika introduktionen av vita och silverf\u00e4rgade toners tidigare i \u00e5r, skriver leverant\u00f6ren i ett pressmeddelande. Den nya f\u00e4rgen r\u00f6r modellerna\u00a0Revoria SC285S och Revoria EC2100S som lanserades i b\u00f6rjan p\u00e5 2025 med tre specialtoners tillg\u00e4ngliga fr\u00e5n start: rosa, klar och toner f\u00f6r texturerade material.<\/p>\n<p>Vita och silverf\u00e4rgade toners introducerades fyra m\u00e5nader senare, och nu inneb\u00e4r tillkomsten av guldf\u00e4rgad toner att totalt sex specialtoneralternativ finns att v\u00e4lja mellan.<\/p>\n<p><img loading=\"lazy\" decoding=\"async\" class=\"wp-image-244403 size-full\" src=\"https:\/\/www.europesays.com\/se\/wp-content\/uploads\/2025\/12\/guld.jpg\" alt=\"\" width=\"1600\" height=\"1067\"  \/>Den nya guldtonern \u00e4r tillg\u00e4nglig att best\u00e4lla redan nu.<\/p>\n<p>\u2013 N\u00e4r vi lanserade dessa 5UPER COLOUR-enheter sa vi att v\u00e5r vision var att g\u00f6ra specialtoners och femf\u00e4rgsutskrifter tillg\u00e4ngliga f\u00f6r en st\u00f6rre marknad \u00e4n n\u00e5gonsin tidigare. Den enorma framg\u00e5ng som enheterna har haft i Europa under sitt f\u00f6rsta \u00e5r visar att denna vision h\u00e5ller p\u00e5 att f\u00f6rverkligas och genom st\u00e4ndig innovation \u00e4r vi glada att kunna hj\u00e4lpa kunder att forts\u00e4tta ut\u00f6ka m\u00f6jligheterna i vad de kan \u00e5stadkomma, s\u00e4ger Mark Lawn, chef f\u00f6r POD-l\u00f6sningar p\u00e5 Fujifilm EMEA.<\/p>\n<p>\u00d6kning av synligheten<\/p>\n<p>Lanseringen av den nya tonern \u00f6ppnar upp f\u00f6r nya kreativa m\u00f6jligheter d\u00e4r anv\u00e4ndare av Revoria EC2100S och SC285S nu kan skriva ut speciella gulddekorationer och skapa nya f\u00e4rgkombinationer genom att integrera CMYK med guld f\u00f6r \u00e4nnu mer kreativa effekter.<\/p>\n<p>\u2013 Metalliska effekter kan verkligen g\u00f6ra intryck och anv\u00e4ndningen av metalliska f\u00e4rger p\u00e5 produktf\u00f6rpackningar, butiksexponeringar och visitkort kan ge en enorm synlighets\u00f6kning. De kan ocks\u00e5 anv\u00e4ndas f\u00f6r att motverka f\u00f6rfalskning, till exempel p\u00e5 biljetter, s\u00e4ger Mark Lawn.<\/p>\n","protected":false},"excerpt":{"rendered":"\u201dMetalliska effekter kan verkligen g\u00f6ra intryck och anv\u00e4ndningen av metalliska f\u00e4rger p\u00e5 produktf\u00f6rpackningar, butiksexponeringar och visitkort kan ge&hellip;\n","protected":false},"author":2,"featured_media":97925,"comment_status":"","ping_status":"","sticky":false,"template":"","format":"standard","meta":{"footnotes":""},"categories":[66],"tags":[1786,11423,80,78,79,34,31,33,32,30,81,84,83,82],"class_list":{"0":"post-97924","1":"post","2":"type-post","3":"status-publish","4":"format-standard","5":"has-post-thumbnail","7":"category-vetenskap-och-teknik","8":"tag-fujifilm","9":"tag-mark-lawn","10":"tag-science","11":"tag-science-and-technology","12":"tag-scienceandtechnology","13":"tag-se","14":"tag-svenska","15":"tag-sverige","16":"tag-sweden","17":"tag-swedish","18":"tag-technology","19":"tag-teknik","20":"tag-vetenskap","21":"tag-vetenskapteknik"},"share_on_mastodon":{"url":"https:\/\/pubeurope.com\/@se\/115666983805587819","error":""},"_links":{"self":[{"href":"https:\/\/www.europesays.com\/se\/wp-json\/wp\/v2\/posts\/97924","targetHints":{"allow":["GET"]}}],"collection":[{"href":"https:\/\/www.europesays.com\/se\/wp-json\/wp\/v2\/posts"}],"about":[{"href":"https:\/\/www.europesays.com\/se\/wp-json\/wp\/v2\/types\/post"}],"author":[{"embeddable":true,"href":"https:\/\/www.europesays.com\/se\/wp-json\/wp\/v2\/users\/2"}],"replies":[{"embeddable":true,"href":"https:\/\/www.europesays.com\/se\/wp-json\/wp\/v2\/comments?post=97924"}],"version-history":[{"count":0,"href":"https:\/\/www.europesays.com\/se\/wp-json\/wp\/v2\/posts\/97924\/revisions"}],"wp:featuredmedia":[{"embeddable":true,"href":"https:\/\/www.europesays.com\/se\/wp-json\/wp\/v2\/media\/97925"}],"wp:attachment":[{"href":"https:\/\/www.europesays.com\/se\/wp-json\/wp\/v2\/media?parent=97924"}],"wp:term":[{"taxonomy":"category","embeddable":true,"href":"https:\/\/www.europesays.com\/se\/wp-json\/wp\/v2\/categories?post=97924"},{"taxonomy":"post_tag","embeddable":true,"href":"https:\/\/www.europesays.com\/se\/wp-json\/wp\/v2\/tags?post=97924"}],"curies":[{"name":"wp","href":"https:\/\/api.w.org\/{rel}","templated":true}]}}