{"id":97936,"date":"2025-12-05T12:42:09","date_gmt":"2025-12-05T12:42:09","guid":{"rendered":"https:\/\/www.europesays.com\/se\/97936\/"},"modified":"2025-12-05T12:42:09","modified_gmt":"2025-12-05T12:42:09","slug":"dubblad-riktkurs-for-investors-finska-parla-pekas-ut-som-ai-vinnare","status":"publish","type":"post","link":"https:\/\/www.europesays.com\/se\/97936\/","title":{"rendered":"Dubblad riktkurs f\u00f6r Investors finska p\u00e4rla \u2013 pekas ut som AI-vinnare"},"content":{"rendered":"<p class=\"font-sans text-base text-text-main dark:text-text-main-dark font-normal leading-[1.4]\">Riktkursen dras samtidigt upp till 32 euro fr\u00e5n 15,50 euro. Det rapporterar Investing.com.<\/p>\n<p class=\"font-sans text-base text-text-main dark:text-text-main-dark font-normal leading-[1.4]\">Analyshuset ser potential inom kraftgenerering f\u00f6r datacenter, i sp\u00e5ren av AI-boomen.<\/p>\n<p class=\"font-sans text-base text-text-main dark:text-text-main-dark font-normal leading-[1.4]\">BofA h\u00f6jer ebita-prognosen med 18 procent f\u00f6r 2026 och 24 procent f\u00f6r 2027, och f\u00f6rutsp\u00e5r att den finska tillverkaren kan generera 1,5 miljarder euro i datacenterint\u00e4kter under 2027 och 1,7 miljarder euro under 2028 med en ebita-marginal p\u00e5 15 procent.<\/p>\n<p class=\"font-sans text-base text-text-main dark:text-text-main-dark font-normal leading-[1.4]\">Kraftproduktion har blivit en kritisk flaskhals f\u00f6r utvecklingen av datacenter, d\u00e4r tillg\u00e4ngligheten i allt h\u00f6gre grad avg\u00f6r tidsplanen f\u00f6r drifts\u00e4ttningen.<\/p>\n<p class=\"font-sans text-base text-text-main dark:text-text-main-dark font-normal leading-[1.4]\">W\u00e4rtsil\u00e4 \u00e4r en av f\u00e5 tillverkare som kan leverera utrustning inom ett till tv\u00e5 \u00e5r, j\u00e4mf\u00f6rt med tre till fem \u00e5rs ledtider f\u00f6r gasturbiner, vilket ger det finska f\u00f6retaget en f\u00f6rdel n\u00e4r branschen g\u00e5r mot off-grid-l\u00f6sningar, enligt Bofa.<\/p>\n<p>W\u00e4rtsil\u00e4s kurs stiger idag 0,5 procent till 29,66 euro.<\/p>\n<p class=\"font-sans text-base text-text-main dark:text-text-main-dark font-normal leading-[1.4]\">Investor \u00e4r st\u00f6rsta \u00e4gare i det finska bolaget, med 17,7 procent av aktierna. P\u00e5 tre \u00e5r har W\u00e4rtsil\u00e4 rusat 255 procent.<br class=\"col-start-2\"\/><\/p>\n","protected":false},"excerpt":{"rendered":"Riktkursen dras samtidigt upp till 32 euro fr\u00e5n 15,50 euro. Det rapporterar Investing.com. Analyshuset ser potential inom kraftgenerering&hellip;\n","protected":false},"author":2,"featured_media":97937,"comment_status":"","ping_status":"","sticky":false,"template":"","format":"standard","meta":{"footnotes":""},"categories":[65],"tags":[72,70,71,3665,34,31,33,32,30,11424],"class_list":{"0":"post-97936","1":"post","2":"type-post","3":"status-publish","4":"format-standard","5":"has-post-thumbnail","7":"category-ekonomi","8":"tag-business","9":"tag-economy","10":"tag-ekonomi","11":"tag-investor","12":"tag-se","13":"tag-svenska","14":"tag-sverige","15":"tag-sweden","16":"tag-swedish","17":"tag-wartsila"},"share_on_mastodon":{"url":"https:\/\/pubeurope.com\/@se\/115667019003442641","error":""},"_links":{"self":[{"href":"https:\/\/www.europesays.com\/se\/wp-json\/wp\/v2\/posts\/97936","targetHints":{"allow":["GET"]}}],"collection":[{"href":"https:\/\/www.europesays.com\/se\/wp-json\/wp\/v2\/posts"}],"about":[{"href":"https:\/\/www.europesays.com\/se\/wp-json\/wp\/v2\/types\/post"}],"author":[{"embeddable":true,"href":"https:\/\/www.europesays.com\/se\/wp-json\/wp\/v2\/users\/2"}],"replies":[{"embeddable":true,"href":"https:\/\/www.europesays.com\/se\/wp-json\/wp\/v2\/comments?post=97936"}],"version-history":[{"count":0,"href":"https:\/\/www.europesays.com\/se\/wp-json\/wp\/v2\/posts\/97936\/revisions"}],"wp:featuredmedia":[{"embeddable":true,"href":"https:\/\/www.europesays.com\/se\/wp-json\/wp\/v2\/media\/97937"}],"wp:attachment":[{"href":"https:\/\/www.europesays.com\/se\/wp-json\/wp\/v2\/media?parent=97936"}],"wp:term":[{"taxonomy":"category","embeddable":true,"href":"https:\/\/www.europesays.com\/se\/wp-json\/wp\/v2\/categories?post=97936"},{"taxonomy":"post_tag","embeddable":true,"href":"https:\/\/www.europesays.com\/se\/wp-json\/wp\/v2\/tags?post=97936"}],"curies":[{"name":"wp","href":"https:\/\/api.w.org\/{rel}","templated":true}]}}