{"id":97949,"date":"2025-12-05T12:52:44","date_gmt":"2025-12-05T12:52:44","guid":{"rendered":"https:\/\/www.europesays.com\/se\/97949\/"},"modified":"2025-12-05T12:52:44","modified_gmt":"2025-12-05T12:52:44","slug":"skjutna-vargen-i-skane-identifierad","status":"publish","type":"post","link":"https:\/\/www.europesays.com\/se\/97949\/","title":{"rendered":"Skjutna vargen i Sk\u00e5ne identifierad"},"content":{"rendered":"<p>                    <a data-lightbox=\"post-96817\" href=\"https:\/\/www.jaktojagare.se\/wp-content\/uploads\/2025\/12\/svalemosse_karta_chatgpt.jpg\" data-title=\"Bild: Chatgpt&lt;br\/&gt;Reviret i nord\u00f6stra Sk\u00e5ne.\" rel=\"nofollow noopener\" target=\"_blank\"><br \/>\n                        <img width=\"1280\" height=\"720\" src=\"https:\/\/www.europesays.com\/se\/wp-content\/uploads\/2025\/12\/svalemosse_karta_chatgpt-1280x720.jpg\" class=\"attachment-large size-large\" alt=\"\" decoding=\"async\" fetchpriority=\"high\"   itemprop=\"image\"\/>                    <\/a><\/p>\n<p>\n                        Bild: Chatgpt<br \/>\n                        Reviret i nord\u00f6stra Sk\u00e5ne.\n                    <\/p>\n<p>Uppdaterad 2025-12-04 19:01Publicerad 2025-12-04 17:10<\/p>\n<p>Dna-analys visar att vargen var en \u00e5rsvalp (hane) fr\u00e5n reviret Svalemosse, G202-25.<\/p>\n<p>Det skriver l\u00e4nsstyrelsen i Sk\u00e5ne i dag. Det var i samband med jakt i Klippan i slutet av november som h\u00e4ndelsen intr\u00e4ffade. <\/p>\n<p>Vargen f\u00f6rf\u00f6ljde en jakthund och sk\u00f6ts av en j\u00e4gare efter att f\u00f6rs\u00f6k gjorts att skr\u00e4mma vargen. L\u00e4nsstyrelsens bed\u00f6mning var att det skett inom ramen f\u00f6r paragraf 28 i jaktf\u00f6rordningen, f\u00f6r att freda en jakthund.<\/p>\n<p>Fakta: Svalemosse \u2013 vargrevir i Sk\u00e5ne<\/p>\n<ul class=\"wp-block-list\">\n<li><strong>L\u00e4ge:<\/strong> Svalemosse ligger i nord\u00f6stra Sk\u00e5ne (omr\u00e5de mellan H\u00f6\u00f6r och H\u00e4ssleholm).<\/li>\n<li><strong>Status:<\/strong> Ett aktivt vargrevir \u2014 dokumenterat av L\u00e4nsstyrelsen Sk\u00e5ne via DNA-analyser och inventering.<\/li>\n<li><strong>Reproduktion:<\/strong> Under inventeringsperioden 2024\/2025 bekr\u00e4ftades att \u00e5rsvalpar f\u00f6tts i reviret Svalemosse.<\/li>\n<li><strong>Senaste incidenter:<\/strong> Under h\u00f6sten 2025 bekr\u00e4ftades minst tv\u00e5 angrepp p\u00e5 tamboskap inom reviret, varf\u00f6r skyddsjakt beslutades.<\/li>\n<li><strong>Betydelse i l\u00e4net:<\/strong> I den senaste inventeringen r\u00e4knades Svalemosse som ett av tre aktiva vargrevir i Sk\u00e5ne.<\/li>\n<\/ul>\n<p>K\u00e4lla: L\u00e4nsstyrelsen m.fl.<\/p>\n","protected":false},"excerpt":{"rendered":"Bild: Chatgpt Reviret i nord\u00f6stra Sk\u00e5ne. Uppdaterad 2025-12-04 19:01Publicerad 2025-12-04 17:10 Dna-analys visar att vargen var en \u00e5rsvalp&hellip;\n","protected":false},"author":2,"featured_media":97950,"comment_status":"","ping_status":"","sticky":false,"template":"","format":"standard","meta":{"footnotes":""},"categories":[12],"tags":[22,23,26,27,17,21,24,25,28,29,15,16,18,34,31,33,32,30,19,20],"class_list":{"0":"post-97949","1":"post","2":"type-post","3":"status-publish","4":"format-standard","5":"has-post-thumbnail","7":"category-sverige","8":"tag-breaking-news","9":"tag-breakingnews","10":"tag-featured-news","11":"tag-featurednews","12":"tag-headlines","13":"tag-huvudnyheter","14":"tag-latest-news","15":"tag-latestnews","16":"tag-main-news","17":"tag-mainnews","18":"tag-news","19":"tag-nyheter","20":"tag-rubriker","21":"tag-se","22":"tag-svenska","23":"tag-sverige","24":"tag-sweden","25":"tag-swedish","26":"tag-top-stories","27":"tag-topstories"},"share_on_mastodon":{"url":"https:\/\/pubeurope.com\/@se\/115667058376848506","error":""},"_links":{"self":[{"href":"https:\/\/www.europesays.com\/se\/wp-json\/wp\/v2\/posts\/97949","targetHints":{"allow":["GET"]}}],"collection":[{"href":"https:\/\/www.europesays.com\/se\/wp-json\/wp\/v2\/posts"}],"about":[{"href":"https:\/\/www.europesays.com\/se\/wp-json\/wp\/v2\/types\/post"}],"author":[{"embeddable":true,"href":"https:\/\/www.europesays.com\/se\/wp-json\/wp\/v2\/users\/2"}],"replies":[{"embeddable":true,"href":"https:\/\/www.europesays.com\/se\/wp-json\/wp\/v2\/comments?post=97949"}],"version-history":[{"count":0,"href":"https:\/\/www.europesays.com\/se\/wp-json\/wp\/v2\/posts\/97949\/revisions"}],"wp:featuredmedia":[{"embeddable":true,"href":"https:\/\/www.europesays.com\/se\/wp-json\/wp\/v2\/media\/97950"}],"wp:attachment":[{"href":"https:\/\/www.europesays.com\/se\/wp-json\/wp\/v2\/media?parent=97949"}],"wp:term":[{"taxonomy":"category","embeddable":true,"href":"https:\/\/www.europesays.com\/se\/wp-json\/wp\/v2\/categories?post=97949"},{"taxonomy":"post_tag","embeddable":true,"href":"https:\/\/www.europesays.com\/se\/wp-json\/wp\/v2\/tags?post=97949"}],"curies":[{"name":"wp","href":"https:\/\/api.w.org\/{rel}","templated":true}]}}