{"id":97958,"date":"2025-12-05T13:01:08","date_gmt":"2025-12-05T13:01:08","guid":{"rendered":"https:\/\/www.europesays.com\/se\/97958\/"},"modified":"2025-12-05T13:01:08","modified_gmt":"2025-12-05T13:01:08","slug":"forskolor-i-vaxjo-laggs-ner","status":"publish","type":"post","link":"https:\/\/www.europesays.com\/se\/97958\/","title":{"rendered":"F\u00f6rskolor i V\u00e4xj\u00f6 l\u00e4ggs ner"},"content":{"rendered":"<p>\u2022 Lillestad f\u00f6rskola avvecklas <\/p>\n<p>Minskande antal barn g\u00f6r att verksamheten avvecklas och lokalerna ska i st\u00e4llet anv\u00e4nds till annan verksamhet. V\u00e5rdnadshavare med barn p\u00e5 Lillestad f\u00f6rskola erbjuds plats p\u00e5 n\u00e4rliggande f\u00f6rskolor. <\/p>\n<p>\u2022 Linn\u00e9parkens f\u00f6rskola omvandlas <\/p>\n<p>Den nuvarande f\u00f6rskoleverksamheten avvecklas och lokalerna anv\u00e4nds i st\u00e4llet f\u00f6r omsorg p\u00e5 obekv\u00e4ma tider samt som m\u00f6tesplats med \u00d6ppen f\u00f6rskola. V\u00e5rdnadshavare med barn p\u00e5 Linn\u00e9parkens f\u00f6rskola erbjuds plats p\u00e5 n\u00e4rliggande f\u00f6rskolor. <\/p>\n<p>\u2022 Omsorg p\u00e5 obekv\u00e4ma tider flyttas <\/p>\n<p>Omsorg p\u00e5 obekv\u00e4ma tider, som idag finns p\u00e5 Bj\u00f6rkens f\u00f6rskola, flyttar till lokaler p\u00e5 nuvarande Linn\u00e9parkens f\u00f6rskola. <\/p>\n<p>\u2022 Justeringar i ledningsorganisationen <\/p>\n<p>Flera rektorsuppdrag f\u00f6r\u00e4ndras och tills\u00e4ttningen av vakanta rektorstj\u00e4nster pausas. <\/p>\n<p> K\u00e4lla: V\u00e4xj\u00f6 kommun<\/p>\n","protected":false},"excerpt":{"rendered":"\u2022 Lillestad f\u00f6rskola avvecklas Minskande antal barn g\u00f6r att verksamheten avvecklas och lokalerna ska i st\u00e4llet anv\u00e4nds till&hellip;\n","protected":false},"author":2,"featured_media":793,"comment_status":"","ping_status":"","sticky":false,"template":"","format":"standard","meta":{"footnotes":""},"categories":[5],"tags":[22,23,26,27,17,21,24,25,28,29,15,16,18,34,31,33,32,30,19,20],"class_list":{"0":"post-97958","1":"post","2":"type-post","3":"status-publish","4":"format-standard","5":"has-post-thumbnail","7":"category-rubriker","8":"tag-breaking-news","9":"tag-breakingnews","10":"tag-featured-news","11":"tag-featurednews","12":"tag-headlines","13":"tag-huvudnyheter","14":"tag-latest-news","15":"tag-latestnews","16":"tag-main-news","17":"tag-mainnews","18":"tag-news","19":"tag-nyheter","20":"tag-rubriker","21":"tag-se","22":"tag-svenska","23":"tag-sverige","24":"tag-sweden","25":"tag-swedish","26":"tag-top-stories","27":"tag-topstories"},"share_on_mastodon":{"url":"https:\/\/pubeurope.com\/@se\/115667093586836836","error":""},"_links":{"self":[{"href":"https:\/\/www.europesays.com\/se\/wp-json\/wp\/v2\/posts\/97958","targetHints":{"allow":["GET"]}}],"collection":[{"href":"https:\/\/www.europesays.com\/se\/wp-json\/wp\/v2\/posts"}],"about":[{"href":"https:\/\/www.europesays.com\/se\/wp-json\/wp\/v2\/types\/post"}],"author":[{"embeddable":true,"href":"https:\/\/www.europesays.com\/se\/wp-json\/wp\/v2\/users\/2"}],"replies":[{"embeddable":true,"href":"https:\/\/www.europesays.com\/se\/wp-json\/wp\/v2\/comments?post=97958"}],"version-history":[{"count":0,"href":"https:\/\/www.europesays.com\/se\/wp-json\/wp\/v2\/posts\/97958\/revisions"}],"wp:featuredmedia":[{"embeddable":true,"href":"https:\/\/www.europesays.com\/se\/wp-json\/wp\/v2\/media\/793"}],"wp:attachment":[{"href":"https:\/\/www.europesays.com\/se\/wp-json\/wp\/v2\/media?parent=97958"}],"wp:term":[{"taxonomy":"category","embeddable":true,"href":"https:\/\/www.europesays.com\/se\/wp-json\/wp\/v2\/categories?post=97958"},{"taxonomy":"post_tag","embeddable":true,"href":"https:\/\/www.europesays.com\/se\/wp-json\/wp\/v2\/tags?post=97958"}],"curies":[{"name":"wp","href":"https:\/\/api.w.org\/{rel}","templated":true}]}}