{"id":97959,"date":"2025-12-05T13:03:18","date_gmt":"2025-12-05T13:03:18","guid":{"rendered":"https:\/\/www.europesays.com\/se\/97959\/"},"modified":"2025-12-05T13:03:18","modified_gmt":"2025-12-05T13:03:18","slug":"alvar-myhlback-med-superkval-i-trondheim","status":"publish","type":"post","link":"https:\/\/www.europesays.com\/se\/97959\/","title":{"rendered":"Alvar Myhlback med superkval i Trondheim"},"content":{"rendered":"<p class=\"boxtextgrotesk-root_baa6 hyperion-css-1w346fg\">Uppdaterad 12.54 | Publicerad 10.50<\/p>\n<p>share-arrowDela<\/p>\n<p>unsaveSpara<\/p>\n<p class=\"hyperion-css-1shl3oz\" data-test-tag=\"lead-text\">TRONDHEIM. Alvar Myhlback forts\u00e4tter att imponera.\u00a0<\/p>\n<p class=\"hyperion-css-1shl3oz\" data-test-tag=\"lead-text\">Utan f\u00e4stvalla var 19-\u00e5ringen bara 24 hundradelar efter Johannnes H\u00f6sflot Kl\u00e4bo. <\/p>\n<p class=\"hyperion-css-1shl3oz\" data-test-tag=\"lead-text\">\u2013 Det \u00e4r helt sjukt hur han kan tappa sex sekunder p\u00e5 en helg. Vad h\u00e4nder?, s\u00e4ger Myhlback till Viaplay. <\/p>\n<p><img decoding=\"async\" src=\"https:\/\/www.europesays.com\/se\/wp-content\/uploads\/2025\/12\/bbc1f7fd8f27206bf52e6b90430bdb26.jpg\" class=\"thumbnail-image_fbfd thumbnail-portrait_fbfd\" alt=\"\u201dMycket fula ord i huvudet just nu\u201d\"\/><\/p>\n<p>\u201dMycket fula ord i huvudet just nu\u201d<\/p>\n<p>0:36<\/p>\n<p class=\"hyperion-css-1v9qo5x\"><a data-test-tag=\"internal-link\" href=\"https:\/\/www.aftonbladet.se\/tagg\/alvar-myhlback\" class=\"hyperion-css-15jkft9\" rel=\"nofollow noopener\" target=\"\" aria-label=\"Alvar Myhlback\" theme=\"sportbladet\">Alvar Myhlback<\/a> har sagt att han ska satsa p\u00e5 l\u00e5nglopp den h\u00e4r s\u00e4songen. \u00c4nd\u00e5 g\u00f6r han \u00e5terigen bra resultat i v\u00e4rldscupen. <\/p>\n<p class=\"hyperion-css-1v9qo5x\">I Trondheim stod 19-\u00e5ringen f\u00f6r ett superkval och gick i m\u00e5l som trea \u2013 mindre \u00e4n halvsekunden efter Ben Ogden som var snabbast av alla. Myhlback var ocks\u00e5 bara 24 hundradelar efter Johannes H\u00f6sflot Kl\u00e4bo. <\/p>\n<p class=\"hyperion-css-1v9qo5x\">\u2013 Det \u00e4r helt sjukt hur han kan tappa sex sekunder p\u00e5 en helg. Vad h\u00e4nder? Det \u00e4r fr\u00e5gan om jag inte kan tappa sex sekunder ytterligare p\u00e5 honom i kvarten, s\u00e4ger Myhlback med ett leende till Viaplay. <\/p>\n<p>\u201dGillar att staka\u201d<\/p>\n<p class=\"hyperion-css-1v9qo5x\">Myhlback valde att k\u00f6ra utan f\u00e4stvalla och stakade sig genom kvalet. Hur det blir i kvartsfinalen \u00e5terst\u00e5r att se. <\/p>\n<p class=\"hyperion-css-1v9qo5x\">\u00c4ven Anton Grahn, Edvin Anger och George Ersson gick vidare tillsammans med tolv norska herr\u00e5kare. <br \/>Emil Danielson och Johan H\u00e4ggstr\u00f6m missade dock kvartsfinalerna och var l\u00e5ngt ifr\u00e5n n\u00f6jda efter prologen. <\/p>\n<p class=\"hyperion-css-1v9qo5x\">\u2013 Det var det s\u00e4msta jag har gjort i hela mitt liv. Katastrof. Jag vet inte vad jag ska g\u00f6ra. Det \u00e4r inga fina ord som g\u00e5r igenom huvudet nu, s\u00e4ger Danielson. <\/p>\n<p class=\"hyperion-css-1v9qo5x\">\u2013 Det \u00e4r surt att vara 31:a. Det \u00e4r den absolut v\u00e4rsta positionen att hamna p\u00e5, s\u00e4ger H\u00e4ggstr\u00f6m. <\/p>\n<p class=\"hyperion-css-1v9qo5x\">Kvartsfinalerna b\u00f6rjar 12.15. <\/p>\n<p>expand-left<\/p>\n<p>helsk\u00e4rm<img decoding=\"async\" class=\"image-asset hyperion-css-u06ts1\" data-test-tag=\"image-asset\" src=\"https:\/\/www.europesays.com\/se\/wp-content\/uploads\/2025\/12\/9c664b3e-67a9-44e4-b2fa-3e15fab875c9\"  alt=\"\"  loading=\"eager\" fetchpriority=\"high\" style=\"aspect-ratio:1900 \/ 1267\"\/> Foto: Maxim Thore \/ Bildbyr\u00e5n<img decoding=\"async\" src=\"https:\/\/www.europesays.com\/se\/wp-content\/uploads\/2025\/10\/028eedadb1f55e0feacb3c0f7b3e349f.jpg\" class=\"thumbnail-image_fbfd\" alt=\"Kommer Myhlback tacka nej till OS?\"\/><\/p>\n<p>Kommer Myhlback tacka nej till OS?<\/p>\n<p>25:27<\/p>\n","protected":false},"excerpt":{"rendered":"Uppdaterad 12.54 | Publicerad 10.50 share-arrowDela unsaveSpara TRONDHEIM. Alvar Myhlback forts\u00e4tter att imponera.\u00a0 Utan f\u00e4stvalla var 19-\u00e5ringen bara&hellip;\n","protected":false},"author":2,"featured_media":97960,"comment_status":"","ping_status":"","sticky":false,"template":"","format":"standard","meta":{"footnotes":""},"categories":[68],"tags":[34,111,110,31,33,32,30],"class_list":{"0":"post-97959","1":"post","2":"type-post","3":"status-publish","4":"format-standard","5":"has-post-thumbnail","7":"category-sport","8":"tag-se","9":"tag-sport","10":"tag-sports","11":"tag-svenska","12":"tag-sverige","13":"tag-sweden","14":"tag-swedish"},"share_on_mastodon":{"url":"https:\/\/pubeurope.com\/@se\/115667101653576875","error":""},"_links":{"self":[{"href":"https:\/\/www.europesays.com\/se\/wp-json\/wp\/v2\/posts\/97959","targetHints":{"allow":["GET"]}}],"collection":[{"href":"https:\/\/www.europesays.com\/se\/wp-json\/wp\/v2\/posts"}],"about":[{"href":"https:\/\/www.europesays.com\/se\/wp-json\/wp\/v2\/types\/post"}],"author":[{"embeddable":true,"href":"https:\/\/www.europesays.com\/se\/wp-json\/wp\/v2\/users\/2"}],"replies":[{"embeddable":true,"href":"https:\/\/www.europesays.com\/se\/wp-json\/wp\/v2\/comments?post=97959"}],"version-history":[{"count":0,"href":"https:\/\/www.europesays.com\/se\/wp-json\/wp\/v2\/posts\/97959\/revisions"}],"wp:featuredmedia":[{"embeddable":true,"href":"https:\/\/www.europesays.com\/se\/wp-json\/wp\/v2\/media\/97960"}],"wp:attachment":[{"href":"https:\/\/www.europesays.com\/se\/wp-json\/wp\/v2\/media?parent=97959"}],"wp:term":[{"taxonomy":"category","embeddable":true,"href":"https:\/\/www.europesays.com\/se\/wp-json\/wp\/v2\/categories?post=97959"},{"taxonomy":"post_tag","embeddable":true,"href":"https:\/\/www.europesays.com\/se\/wp-json\/wp\/v2\/tags?post=97959"}],"curies":[{"name":"wp","href":"https:\/\/api.w.org\/{rel}","templated":true}]}}