{"id":97981,"date":"2025-12-05T13:24:08","date_gmt":"2025-12-05T13:24:08","guid":{"rendered":"https:\/\/www.europesays.com\/se\/97981\/"},"modified":"2025-12-05T13:24:08","modified_gmt":"2025-12-05T13:24:08","slug":"anstallda-vittnar-om-tystnadskultur-pa-museet","status":"publish","type":"post","link":"https:\/\/www.europesays.com\/se\/97981\/","title":{"rendered":"Anst\u00e4llda vittnar om tystnadskultur p\u00e5 museet"},"content":{"rendered":"<p>Vid \u00e5rsskiftet ska Moderna museet sl\u00e5s samman med Arkdes och Statens konstr\u00e5d till en ny myndighet. Nu larmar ett femtontal nuvarande och tidigare medarbetare om brister i den organisatoriska och sociala arbetsmilj\u00f6n p\u00e5 museet. I\u00a0fackf\u00f6rbundet DIKs tidning Magasin\u00a0K ber\u00e4ttar de om hur arbetsmilj\u00f6n blivit allt s\u00e4mre de senaste \u00e5ren.<\/p>\n<p>De intervjuade vittnar om brister i ledarskapet och en h\u00e5rd och hierarkisk personalpolitik. F\u00e5 v\u00e5gar framf\u00f6ra kritik av r\u00e4dsla f\u00f6r repressalier, som enligt uppgiftsl\u00e4mnarna kan ta formen av tyst bestraffning, uteblivna inbjudningar till viktiga m\u00f6ten eller placering p\u00e5 en s\u00e4mre plats i kontorslandskapet. Kritiken omfattar \u00e4ven brister i kommunikationen, s\u00e5som uteblivna svar p\u00e5 mejl, avsaknad av viktig information och utlovade m\u00f6ten som inte blir av.<\/p>\n<p>Kritiken riktas fr\u00e4mst mot n\u00e5gra av Moderna museets chefer, inte mot \u00f6verintendent <strong>Gitte \u00d8rskou<\/strong>. I\u00a0en intervju med Magasin\u00a0K framh\u00e5ller Gitte \u00d8rskou att hon ser allvarligt p\u00e5 att anst\u00e4llda upplever att de inte behandlas v\u00e4l.<\/p>\n<p>\u201dJag har ingen intention att det ska vara hierarkiskt. Jag har en intention att vi ska jobba tillsammans mot gemensamma m\u00e5l och att vi ska g\u00f6ra det p\u00e5 ett motiverande, stimulerande och bra s\u00e4tt d\u00e4r vi anv\u00e4nder s\u00e5 m\u00e5ngas kompetens som vi kan\u201d, s\u00e4ger hon till Magasin\u00a0K.<\/p>\n<p>Det var ocks\u00e5 den bild som hon f\u00f6rmedlade vid det storm\u00f6te med personalen som h\u00f6lls efter publiceringen, ber\u00e4ttar <strong>Tobias Fischer<\/strong>, sektionsordf\u00f6rande f\u00f6r ST inom Moderna museet.<\/p>\n<p>\u2013 Gitte informerade om att artikeln finns, att den f\u00f6r henne var jobbig att l\u00e4sa k\u00e4nslom\u00e4ssigt och att de tar inneh\u00e5llet p\u00e5 st\u00f6rsta allvar, vilket jag tycker var ett bra s\u00e4tt att m\u00f6ta det, s\u00e4ger han.<\/p>\n<p>Gitte \u00d8rskou har kritiserats f\u00f6r att vara sv\u00e5r att n\u00e5. Det \u00e4r dock inte Tobias Fischers bild.<\/p>\n<p>\u2013 Det upplever inte jag. N\u00e4r vi fackliga s\u00f6ker henne av n\u00e5got sk\u00e4l s\u00e5 \u00e4r hon p\u00e5 plats och tar v\u00e5ra fr\u00e5gest\u00e4llningar p\u00e5 allvar.<\/p>\n<p>Enligt Tobias Fischer har igenk\u00e4nningen varit stor, och m\u00e5nga kollegor och medlemmar har efter publiceringen velat prata om arbetsmilj\u00f6n.<\/p>\n<p>\u2013 Min upplevelse \u00e4r att det h\u00e4r har ruskat om framf\u00f6r allt Gitte, men \u00e4ven den \u00f6vriga ledningen. Min f\u00f6rhoppning \u00e4r att det blir en m\u00f6jlighet att ta tag i de arbetsmilj\u00f6problem som vi har, men om det blir s\u00e5 \u00e4r f\u00f6r tidigt att s\u00e4ga.<\/p>\n<p>Tobias Fischer anser att museet \u00e4r ganska bra p\u00e5 den fysiska arbetsmilj\u00f6n \u2013 det som \u00e4r m\u00e4tbart.<\/p>\n<p>\u2013 Vi har s\u00e5 och s\u00e5 m\u00e5nga brandsl\u00e4ckare, vi har h\u00f6j- och s\u00e4nkbara skrivbord, men p\u00e5 den organisatoriska och psykosociala arbetsmilj\u00f6n \u00e4r vi otroligt mycket s\u00e4mre. Det kr\u00e4ver mer av cheferna, det kr\u00e4ver coachning, det kr\u00e4ver mer insikter och d\u00e4r kommer flera av v\u00e5ra chefer, men inte alla, till korta.<\/p>\n<p>Med undantag f\u00f6r de fackliga representanterna har alla intervjuade i artikeln i Magasin\u00a0K beg\u00e4rt anonymitet.<\/p>\n","protected":false},"excerpt":{"rendered":"Vid \u00e5rsskiftet ska Moderna museet sl\u00e5s samman med Arkdes och Statens konstr\u00e5d till en ny myndighet. Nu larmar&hellip;\n","protected":false},"author":2,"featured_media":97982,"comment_status":"","ping_status":"","sticky":false,"template":"","format":"standard","meta":{"footnotes":""},"categories":[12],"tags":[22,23,26,27,17,21,24,25,28,29,15,16,18,34,31,33,32,30,19,20],"class_list":{"0":"post-97981","1":"post","2":"type-post","3":"status-publish","4":"format-standard","5":"has-post-thumbnail","7":"category-sverige","8":"tag-breaking-news","9":"tag-breakingnews","10":"tag-featured-news","11":"tag-featurednews","12":"tag-headlines","13":"tag-huvudnyheter","14":"tag-latest-news","15":"tag-latestnews","16":"tag-main-news","17":"tag-mainnews","18":"tag-news","19":"tag-nyheter","20":"tag-rubriker","21":"tag-se","22":"tag-svenska","23":"tag-sverige","24":"tag-sweden","25":"tag-swedish","26":"tag-top-stories","27":"tag-topstories"},"share_on_mastodon":{"url":"https:\/\/pubeurope.com\/@se\/115667184210986793","error":""},"_links":{"self":[{"href":"https:\/\/www.europesays.com\/se\/wp-json\/wp\/v2\/posts\/97981","targetHints":{"allow":["GET"]}}],"collection":[{"href":"https:\/\/www.europesays.com\/se\/wp-json\/wp\/v2\/posts"}],"about":[{"href":"https:\/\/www.europesays.com\/se\/wp-json\/wp\/v2\/types\/post"}],"author":[{"embeddable":true,"href":"https:\/\/www.europesays.com\/se\/wp-json\/wp\/v2\/users\/2"}],"replies":[{"embeddable":true,"href":"https:\/\/www.europesays.com\/se\/wp-json\/wp\/v2\/comments?post=97981"}],"version-history":[{"count":0,"href":"https:\/\/www.europesays.com\/se\/wp-json\/wp\/v2\/posts\/97981\/revisions"}],"wp:featuredmedia":[{"embeddable":true,"href":"https:\/\/www.europesays.com\/se\/wp-json\/wp\/v2\/media\/97982"}],"wp:attachment":[{"href":"https:\/\/www.europesays.com\/se\/wp-json\/wp\/v2\/media?parent=97981"}],"wp:term":[{"taxonomy":"category","embeddable":true,"href":"https:\/\/www.europesays.com\/se\/wp-json\/wp\/v2\/categories?post=97981"},{"taxonomy":"post_tag","embeddable":true,"href":"https:\/\/www.europesays.com\/se\/wp-json\/wp\/v2\/tags?post=97981"}],"curies":[{"name":"wp","href":"https:\/\/api.w.org\/{rel}","templated":true}]}}