{"id":98036,"date":"2025-12-05T14:27:17","date_gmt":"2025-12-05T14:27:17","guid":{"rendered":"https:\/\/www.europesays.com\/se\/98036\/"},"modified":"2025-12-05T14:27:17","modified_gmt":"2025-12-05T14:27:17","slug":"goteborgsbacken-utanfor-jonkoping-var-avstangd-brand-i-lastbil","status":"publish","type":"post","link":"https:\/\/www.europesays.com\/se\/98036\/","title":{"rendered":"G\u00f6teborgsbacken utanf\u00f6r J\u00f6nk\u00f6ping var avst\u00e4ngd \u2013 brand i lastbil"},"content":{"rendered":"<p>Det var vid 16-tiden som larmet om en brinnande lastbil kom in till r\u00e4ddningstj\u00e4nsten. Vid sl\u00e4ckningsarbetet st\u00e4ngdes v\u00e4gen av helt i riktning mot G\u00f6teborg men strax efter kunde ett av tre k\u00f6rf\u00e4ltet \u00f6ppna igen.<\/p>\n<p>Olyckan skapade l\u00e5nga k\u00f6er i eftermiddagstrafiken f\u00f6r alla som skulle mot G\u00f6teborg, Habo eller Mullsj\u00f6. V\u00e4gen st\u00e4ngdes senare p\u00e5 kv\u00e4llen av helt igen i v\u00e4ntan p\u00e5 b\u00e4rgare. <\/p>\n<p>Enligt Trafikverket p\u00e5verkades trafiken fram till tidiga fredagsmorgonen. <\/p>\n","protected":false},"excerpt":{"rendered":"Det var vid 16-tiden som larmet om en brinnande lastbil kom in till r\u00e4ddningstj\u00e4nsten. Vid sl\u00e4ckningsarbetet st\u00e4ngdes v\u00e4gen&hellip;\n","protected":false},"author":2,"featured_media":793,"comment_status":"","ping_status":"","sticky":false,"template":"","format":"standard","meta":{"footnotes":""},"categories":[14],"tags":[22,23,26,27,17,21,24,25,28,29,15,16,18,34,31,33,32,30,19,20,51,52,53,54],"class_list":{"0":"post-98036","1":"post","2":"type-post","3":"status-publish","4":"format-standard","5":"has-post-thumbnail","7":"category-varlden","8":"tag-breaking-news","9":"tag-breakingnews","10":"tag-featured-news","11":"tag-featurednews","12":"tag-headlines","13":"tag-huvudnyheter","14":"tag-latest-news","15":"tag-latestnews","16":"tag-main-news","17":"tag-mainnews","18":"tag-news","19":"tag-nyheter","20":"tag-rubriker","21":"tag-se","22":"tag-svenska","23":"tag-sverige","24":"tag-sweden","25":"tag-swedish","26":"tag-top-stories","27":"tag-topstories","28":"tag-varlden","29":"tag-world","30":"tag-world-news","31":"tag-worldnews"},"share_on_mastodon":{"url":"https:\/\/pubeurope.com\/@se\/115667431793318547","error":""},"_links":{"self":[{"href":"https:\/\/www.europesays.com\/se\/wp-json\/wp\/v2\/posts\/98036","targetHints":{"allow":["GET"]}}],"collection":[{"href":"https:\/\/www.europesays.com\/se\/wp-json\/wp\/v2\/posts"}],"about":[{"href":"https:\/\/www.europesays.com\/se\/wp-json\/wp\/v2\/types\/post"}],"author":[{"embeddable":true,"href":"https:\/\/www.europesays.com\/se\/wp-json\/wp\/v2\/users\/2"}],"replies":[{"embeddable":true,"href":"https:\/\/www.europesays.com\/se\/wp-json\/wp\/v2\/comments?post=98036"}],"version-history":[{"count":0,"href":"https:\/\/www.europesays.com\/se\/wp-json\/wp\/v2\/posts\/98036\/revisions"}],"wp:featuredmedia":[{"embeddable":true,"href":"https:\/\/www.europesays.com\/se\/wp-json\/wp\/v2\/media\/793"}],"wp:attachment":[{"href":"https:\/\/www.europesays.com\/se\/wp-json\/wp\/v2\/media?parent=98036"}],"wp:term":[{"taxonomy":"category","embeddable":true,"href":"https:\/\/www.europesays.com\/se\/wp-json\/wp\/v2\/categories?post=98036"},{"taxonomy":"post_tag","embeddable":true,"href":"https:\/\/www.europesays.com\/se\/wp-json\/wp\/v2\/tags?post=98036"}],"curies":[{"name":"wp","href":"https:\/\/api.w.org\/{rel}","templated":true}]}}