{"id":98058,"date":"2025-12-05T15:04:17","date_gmt":"2025-12-05T15:04:17","guid":{"rendered":"https:\/\/www.europesays.com\/se\/98058\/"},"modified":"2025-12-05T15:04:17","modified_gmt":"2025-12-05T15:04:17","slug":"pontus-anjo-bjorlund-i-brak-med-svt-efter-lundell-dokumentar","status":"publish","type":"post","link":"https:\/\/www.europesays.com\/se\/98058\/","title":{"rendered":"Pontus Anjo Bj\u00f6rlund i br\u00e5k med SVT efter Lundell-dokument\u00e4r"},"content":{"rendered":"<p>Youtubern Pontus \u201dAnjo\u201d Bj\u00f6rlund k\u00e4nner sig lurad att delta i SVT:s \u201dDokument inifr\u00e5n \u2013 hatet\u201d.\u00a0<\/p>\n<p>Efter\u00e5t programmet kommenterade han granskningen p\u00e5 Youtube \u2013\u00a0men videon stoppades.\u00a0<\/p>\n<p>Nu svarar SVT.\u00a0<\/p>\n<p><img   alt=\"\"\/><\/p>\n<p>\u201dAnjos\u201d video har stoppats av SVT.<\/p>\n<p>Foto: SVT<\/p>\n<p>\u00d6ppna bild i helsk\u00e4rm<img loading=\"lazy\"   alt=\"\"\/><\/p>\n<p>\u201dAnjo\u201d var p\u00e5 plats under r\u00e4tteg\u00e5ngen mot \u201dChrippa\u201d f\u00f6rra veckan.<\/p>\n<p>Foto: SVEN LINDWALL<\/p>\n<p>\u00d6ppna bild i helsk\u00e4rm<img loading=\"lazy\"   alt=\"\"\/> <\/p>\n<p>Foto: SVEN LINDVALL<\/p>\n<p>\u00d6ppna bild i helsk\u00e4rm<img loading=\"lazy\"   alt=\"\"\/><\/p>\n<p>\u201dAnjo\u201d i videon som har stoppats.<\/p>\n<p>Foto: Youtube<\/p>\n<p>\u00d6ppna bild i helsk\u00e4rmArtikeln i korthet<\/p>\n<p> Youtubern \u201dAnjo\u201d k\u00e4nner sig inlurad att delta i SVT:s granskning om Joakim Lundell.<\/p>\n<p> Hans kritiska Youtubevideo om programmet blockerades av SVT p\u00e5 grund av upphovsr\u00e4tt.\u00a0<\/p>\n<p> \u201dAnjo\u201d menar att han m\u00e5ste f\u00e5 bem\u00f6ta anklagelserna offentligt.<\/p>\n<p>Visa mer<\/p>\n<p>Youtubern Pontus \u201dAnjo\u201d Bj\u00f6rlund, 35, \u00e4r med i SVT:s nya granskning \u201dDokument inifr\u00e5n \u2013 Hatet\u201d. <a href=\"https:\/\/www.expressen.se\/tagg\/person\/joakim-lundell\/\" class=\"\" rel=\"nofollow noopener\" target=\"_blank\">Joakim Lundells<\/a> skildring av sin traumatiska barndom granskas i programmet och SVT menar att det inte finns n\u00e5gra bevis f\u00f6r de \u00f6vergrepp som youtubern menar att han utsatts f\u00f6r.<\/p>\n<p>Lundell k\u00e4nner sig i efterhand inlurad till att medverka i granskningen \u2013 det g\u00f6r \u00e4ven \u201dAnjo\u201d.\u00a0<\/p>\n<p>F\u00f6r att peka p\u00e5 de felaktigheter som han menar finns i granskningen la han upp en tv\u00e5 timmar l\u00e5ng video p\u00e5 Youtube d\u00e4r han, genom SVT:s material, gick igenom dokument\u00e4ren.\u00a0<\/p>\n<p>Men snart tog det stopp och det p\u00e5 grund av anv\u00e4ndning av upphovsr\u00e4ttsskyddat material.\u00a0<\/p>\n<p>\u201dN\u00e4r den f\u00e5tt 60 000 visningar p\u00e5 n\u00e5gra timmar s\u00e5 blockade SVT allt material ur videon p\u00e5 Youtube i hela Sverige\u201d, skriver Youtubern i ett meddelande till Expressen. \u00a0<\/p>\n<p>\u201dJag blir ju starkt ifr\u00e5gasatt i dokument\u00e4ren och blev dessutom inlurad i den p\u00e5 falska premisser\u201d, h\u00e4vdar han och forts\u00e4tter:<\/p>\n<p>\u201dS\u00e5 jag tycker det \u00e4r rimligt att jag f\u00e5r g\u00e5 igenom programmet bit f\u00f6r bit och motbevisa samt ge en st\u00f6rre kontext till inneh\u00e5llet\u201d.<\/p>\n<p>SVT:s presschef Camilla Hagert skriver p\u00e5 eftermiddagen i ett mejl till Expressen:\u00a0<\/p>\n<p>\u201dYouTube har ett copyrightfilter som har slagits p\u00e5, d\u00e4rf\u00f6r har klipp blockerats. SVT g\u00f6r nu dokument\u00e4ren tillg\u00e4nglig igen p\u00e5 grund av det stora intresset\u201d.\u00a0<\/p>\n<p><img loading=\"lazy\"   alt=\"\"\/><\/p>\n<p>Anjos video har stoppats.<\/p>\n<p>\u00d6ppna bild i helsk\u00e4rm<\/p>\n","protected":false},"excerpt":{"rendered":"Youtubern Pontus \u201dAnjo\u201d Bj\u00f6rlund k\u00e4nner sig lurad att delta i SVT:s \u201dDokument inifr\u00e5n \u2013 hatet\u201d.\u00a0 Efter\u00e5t programmet kommenterade&hellip;\n","protected":false},"author":2,"featured_media":98059,"comment_status":"","ping_status":"","sticky":false,"template":"","format":"standard","meta":{"footnotes":""},"categories":[67],"tags":[104,11432,361,2470,11431,34,31,33,32,30,428,205,105],"class_list":{"0":"post-98058","1":"post","2":"type-post","3":"status-publish","4":"format-standard","5":"has-post-thumbnail","7":"category-underhallning","8":"tag-entertainment","9":"tag-newsstory-joakim-lundell-dokumentaren-pa-svt","10":"tag-organization-svt","11":"tag-person-joakim-lundell","12":"tag-person-pontus-anjo-bjorlund","13":"tag-se","14":"tag-svenska","15":"tag-sverige","16":"tag-sweden","17":"tag-swedish","18":"tag-topic-influencers","19":"tag-topic-journalistik-medier","20":"tag-underhallning"},"share_on_mastodon":{"url":"https:\/\/pubeurope.com\/@se\/115667577277065858","error":""},"_links":{"self":[{"href":"https:\/\/www.europesays.com\/se\/wp-json\/wp\/v2\/posts\/98058","targetHints":{"allow":["GET"]}}],"collection":[{"href":"https:\/\/www.europesays.com\/se\/wp-json\/wp\/v2\/posts"}],"about":[{"href":"https:\/\/www.europesays.com\/se\/wp-json\/wp\/v2\/types\/post"}],"author":[{"embeddable":true,"href":"https:\/\/www.europesays.com\/se\/wp-json\/wp\/v2\/users\/2"}],"replies":[{"embeddable":true,"href":"https:\/\/www.europesays.com\/se\/wp-json\/wp\/v2\/comments?post=98058"}],"version-history":[{"count":0,"href":"https:\/\/www.europesays.com\/se\/wp-json\/wp\/v2\/posts\/98058\/revisions"}],"wp:featuredmedia":[{"embeddable":true,"href":"https:\/\/www.europesays.com\/se\/wp-json\/wp\/v2\/media\/98059"}],"wp:attachment":[{"href":"https:\/\/www.europesays.com\/se\/wp-json\/wp\/v2\/media?parent=98058"}],"wp:term":[{"taxonomy":"category","embeddable":true,"href":"https:\/\/www.europesays.com\/se\/wp-json\/wp\/v2\/categories?post=98058"},{"taxonomy":"post_tag","embeddable":true,"href":"https:\/\/www.europesays.com\/se\/wp-json\/wp\/v2\/tags?post=98058"}],"curies":[{"name":"wp","href":"https:\/\/api.w.org\/{rel}","templated":true}]}}