{"id":98061,"date":"2025-12-05T15:09:13","date_gmt":"2025-12-05T15:09:13","guid":{"rendered":"https:\/\/www.europesays.com\/se\/98061\/"},"modified":"2025-12-05T15:09:13","modified_gmt":"2025-12-05T15:09:13","slug":"ung-man-fick-handen-avhuggen-i-sodra-stockholm","status":"publish","type":"post","link":"https:\/\/www.europesays.com\/se\/98061\/","title":{"rendered":"Ung man fick handen avhuggen i s\u00f6dra Stockholm"},"content":{"rendered":"<p>Publicerad 5 dec 2025 kl 09.40Uppdaterad kl 11.39<\/p>\n<p>En ung man fick handen avhuggen under v\u00e5ldsd\u00e5det i s\u00f6dra Stockholm p\u00e5 torsdagskv\u00e4llen, erfar Expressen.<\/p>\n<p>En bild fr\u00e5n platsen visar hur polisen hanterar n\u00e5gon form av machete eller stor kniv.<\/p>\n<p>H\u00e4ndelsen \u00e4r kopplad till g\u00e4ngkriminalitet, enligt Expressens uppgifter.<\/p>\n<p><img   alt=\"\"\/> <\/p>\n<p>Foto: Janne \u00c5kesson\/Swepix<\/p>\n<p>\u00d6ppna bild i helsk\u00e4rm<img loading=\"lazy\"   alt=\"\"\/> <\/p>\n<p>Foto: Janne \u00c5kesson\/Swepix<\/p>\n<p>\u00d6ppna bild i helsk\u00e4rm<\/p>\n<p>Det var vid 19-tiden p\u00e5 torsdagen som larmet kom. En ung man hade <a href=\"https:\/\/www.expressen.se\/nyheter\/sverige\/ung-man-svart-huggen-i-grondal-polisens-fynd\" rel=\"nofollow noopener\" target=\"_blank\">skadats i Gr\u00f6ndal i s\u00f6dra Stockholm.<\/a><\/p>\n<p>\u2013 Det \u00e4r n\u00e5gon form av stickande eller sk\u00e4rande v\u00e5ld han har utsatts f\u00f6r, sa Ola \u00d6sterling, presstalesperson vid polisen.<\/p>\n<p>Enligt uppgifter till Expressen ska mannen, som \u00e4r i 20-\u00e5rs\u00e5ldern, ha blivit huggen sv\u00e5rt. Han ska ha f\u00e5tt handen avhuggen och f\u00e5tt djupa sk\u00e4rskador i ena benet.<\/p>\n<p>Den avhuggna handen opererades tillbaka under natten, erfar Expressen.<\/p>\n<p>Minst en gripen<\/p>\n<p>Minst en person i 20-\u00e5rs\u00e5ldern har gripits.<\/p>\n<p>Enligt Expressens uppgifter \u00e4r d\u00e5det kopplat till g\u00e4ngkriminalitet. Personer som \u00e4r inblandade tillh\u00f6r ett kriminellt n\u00e4tverk i Stockholmsomr\u00e5det som \u00e4r lojalt mot Foxtrotn\u00e4tverket.<\/p>\n<p>Efter h\u00e4ndelsen p\u00e5b\u00f6rjade polisen s\u00f6k efter en eller flera g\u00e4rningspersoner.<\/p>\n<p>\u2013 Parallellt med det p\u00e5g\u00e5r det en insats d\u00e4r man p\u00e5b\u00f6rjat sp\u00e5rning med hund efter en eller flera g\u00e4rningspersoner, sa Ola \u00d6sterling p\u00e5 torsdagskv\u00e4llen.<\/p>\n<p>Vet du mer? Tipsa Expressen.<\/p>\n<p>\u2022 Kontakta Expressen p\u00e5 tipsa@expressen.se eller skicka SMS\/MMS till 0790-643 643<\/p>\n<p><a href=\"https:\/\/www.expressen.se\/nyheter\/har-du-ett-nyhetstips-eller-bilder\/\" rel=\"nofollow noopener\" target=\"_blank\">\u2022 H\u00e4r kan du l\u00e4sa mer om hur du tipsar Expressen<\/a><\/p>\n<p>Visa mer<strong>L\u00c4S MER: <\/strong><a href=\"https:\/\/www.expressen.se\/nyheter\/sverige\/ung-man-svart-huggen-i-grondal-polisens-fynd\/\" class=\"\" rel=\"nofollow noopener\" target=\"_blank\">Ung man sv\u00e5rt huggen i Gr\u00f6ndal \u2013 polisens fynd<\/a><\/p>\n","protected":false},"excerpt":{"rendered":"Publicerad 5 dec 2025 kl 09.40Uppdaterad kl 11.39 En ung man fick handen avhuggen under v\u00e5ldsd\u00e5det i s\u00f6dra&hellip;\n","protected":false},"author":2,"featured_media":98062,"comment_status":"","ping_status":"","sticky":false,"template":"","format":"standard","meta":{"footnotes":""},"categories":[5],"tags":[22,23,26,27,17,21,24,25,11399,135,28,29,15,16,18,34,154,31,33,32,30,19,436,20],"class_list":{"0":"post-98061","1":"post","2":"type-post","3":"status-publish","4":"format-standard","5":"has-post-thumbnail","7":"category-rubriker","8":"tag-breaking-news","9":"tag-breakingnews","10":"tag-featured-news","11":"tag-featurednews","12":"tag-headlines","13":"tag-huvudnyheter","14":"tag-latest-news","15":"tag-latestnews","16":"tag-location-grondal","17":"tag-location-stockholm","18":"tag-main-news","19":"tag-mainnews","20":"tag-news","21":"tag-nyheter","22":"tag-rubriker","23":"tag-se","24":"tag-sections-sverige","25":"tag-svenska","26":"tag-sverige","27":"tag-sweden","28":"tag-swedish","29":"tag-top-stories","30":"tag-topic-valdsbrott-mord","31":"tag-topstories"},"share_on_mastodon":{"url":"https:\/\/pubeurope.com\/@se\/115667597244299772","error":""},"_links":{"self":[{"href":"https:\/\/www.europesays.com\/se\/wp-json\/wp\/v2\/posts\/98061","targetHints":{"allow":["GET"]}}],"collection":[{"href":"https:\/\/www.europesays.com\/se\/wp-json\/wp\/v2\/posts"}],"about":[{"href":"https:\/\/www.europesays.com\/se\/wp-json\/wp\/v2\/types\/post"}],"author":[{"embeddable":true,"href":"https:\/\/www.europesays.com\/se\/wp-json\/wp\/v2\/users\/2"}],"replies":[{"embeddable":true,"href":"https:\/\/www.europesays.com\/se\/wp-json\/wp\/v2\/comments?post=98061"}],"version-history":[{"count":0,"href":"https:\/\/www.europesays.com\/se\/wp-json\/wp\/v2\/posts\/98061\/revisions"}],"wp:featuredmedia":[{"embeddable":true,"href":"https:\/\/www.europesays.com\/se\/wp-json\/wp\/v2\/media\/98062"}],"wp:attachment":[{"href":"https:\/\/www.europesays.com\/se\/wp-json\/wp\/v2\/media?parent=98061"}],"wp:term":[{"taxonomy":"category","embeddable":true,"href":"https:\/\/www.europesays.com\/se\/wp-json\/wp\/v2\/categories?post=98061"},{"taxonomy":"post_tag","embeddable":true,"href":"https:\/\/www.europesays.com\/se\/wp-json\/wp\/v2\/tags?post=98061"}],"curies":[{"name":"wp","href":"https:\/\/api.w.org\/{rel}","templated":true}]}}