{"id":98081,"date":"2025-12-05T15:38:30","date_gmt":"2025-12-05T15:38:30","guid":{"rendered":"https:\/\/www.europesays.com\/se\/98081\/"},"modified":"2025-12-05T15:38:30","modified_gmt":"2025-12-05T15:38:30","slug":"inflationen-faller-ovantat-mycket-vasterbottens-kuriren","status":"publish","type":"post","link":"https:\/\/www.europesays.com\/se\/98081\/","title":{"rendered":"Inflationen faller ov\u00e4ntat mycket &#8211; V\u00e4sterbottens-Kuriren"},"content":{"rendered":"<ol>\n<li><a href=\"https:\/\/news.google.com\/rss\/articles\/CBMid0FVX3lxTE1iNHRDdFhXWmE3cGlFNHNJZjB1bnJMRHlvT1N1cDdyc01FUEtyZEpob09Jb3R1eHVhcnVTaWtPYlRKeWx3N3BIOEVndGNtNFAtN3dMZG82WjExVVBuMVU2QjRpVlVreDA3VjRxYmpZRHkxTkt4SXVv?oc=5\" target=\"_blank\" rel=\"nofollow noopener\">Inflationen faller ov\u00e4ntat mycket<\/a>&nbsp;&nbsp;V\u00e4sterbottens-Kuriren<\/li>\n<li><a href=\"https:\/\/news.google.com\/rss\/articles\/CBMijAFBVV95cUxPUmk5emZLa0s1dUxFNkRLNmZyVkUzemJuRU1mTG45U0RJQTNZQXVTclA3aVUtLW15bWpPdGJ5VFNTaDlLaDZRM1dQcFpXZk9MbFVTcTg0OGtYcUVGUGVwV3NHZmdsY2pNd05ZWUMySjhtelVYUjVmaHlnSEtsa0UtY0xyOTFwcEgySDl1QQ?oc=5\" target=\"_blank\" rel=\"nofollow noopener\">V\u00e4ndningen: \u201dKronan \u00e4r tillbaka i f\u00f6rars\u00e4tet\u201d<\/a>&nbsp;&nbsp;SvD<\/li>\n<li><a href=\"https:\/\/news.google.com\/rss\/articles\/CBMic0FVX3lxTE9DNngxZ1pjbTI3TndlTVJXRkROQXV3Qy16SVd6M3I3SC1iOGVQMDBVbzNMb09zQjA2SFQwY3g3SVJpWEExZmhYWERhRlZqbVBOQXQ2cWtrV2FUX0l1cVBRYkpVR2F1Zk1OajQ4VlRFZWMyeUk?oc=5\" target=\"_blank\" rel=\"nofollow noopener\">Inflationen sjunker ov\u00e4ntat mycket<\/a>&nbsp;&nbsp;SVT Nyheter<\/li>\n<li><a href=\"https:\/\/news.google.com\/rss\/articles\/CBMitAFBVV95cUxPaExnRGhobzg0VFhxVV9Jbk5yYlRFMlRRVV9BTTMyTW1KOG1Sd2hiNHl1eUQwdEIzR0VFSHFTeDNNcHZRdGZyamxyZTEzTnIyT2hyZ3M1a285VDVsSHNacWhnb2c3Rl84ZU4xZ3k5Z1ZNU0JaQnpldUgweUM2WkZVUmplR0hRRXJudTNDNWFBXzBPRW52UU11bEotM0JqSFAyU0YwUEV5VXFiaUZqdWRYUXZWSUo?oc=5\" target=\"_blank\" rel=\"nofollow noopener\">Andreas Cervenka: Siffran som talar f\u00f6r att ekonomin lyfter<\/a>&nbsp;&nbsp;Aftonbladet<\/li>\n<li><a href=\"https:\/\/news.google.com\/rss\/articles\/CBMi9AFBVV95cUxNQnlPVjV2NW5nS3F5UGRPSHhfemY1LW1ia2NtREFLN3lGMXVrU3NZODdsb05CLWp3eVZ2Rk1vbGlTVFA4LXo3S2tBZXZQQ19qcjZyNHRZYU1vQS05MjhXMlJjaTU4a1U4UW96M2pYY2dhak5yOVFiQkNpUlB5TFgwby11RXlBWGN5U29TVldTeUJ0cVpQQU0tMHZibzI1X3NsYkJpOV9UTFgzM2JCRlNOQUxTdndnb25yRHdPQXhrQkFOWXhxNmpsQmRqdzV0dlFWemVfcl9VWDkzZVVaRnNwXzl6NVE4eEVNQkU5d05naDJBZ1Z4?oc=5\" target=\"_blank\" rel=\"nofollow noopener\">Snabb-KPI: Inflationstakten 0,3 procent i november 2025<\/a>&nbsp;&nbsp;Statistikmyndigheten SCB<\/li>\n<\/ol>\n","protected":false},"excerpt":{"rendered":"Inflationen faller ov\u00e4ntat mycket&nbsp;&nbsp;V\u00e4sterbottens-Kuriren V\u00e4ndningen: \u201dKronan \u00e4r tillbaka i f\u00f6rars\u00e4tet\u201d&nbsp;&nbsp;SvD Inflationen sjunker ov\u00e4ntat mycket&nbsp;&nbsp;SVT Nyheter Andreas Cervenka: Siffran&hellip;\n","protected":false},"author":2,"featured_media":98082,"comment_status":"","ping_status":"","sticky":false,"template":"","format":"standard","meta":{"footnotes":""},"categories":[65],"tags":[72,70,71,34,31,33,32,30],"class_list":{"0":"post-98081","1":"post","2":"type-post","3":"status-publish","4":"format-standard","5":"has-post-thumbnail","7":"category-ekonomi","8":"tag-business","9":"tag-economy","10":"tag-ekonomi","11":"tag-se","12":"tag-svenska","13":"tag-sverige","14":"tag-sweden","15":"tag-swedish"},"share_on_mastodon":{"url":"https:\/\/pubeurope.com\/@se\/115667711017654594","error":""},"_links":{"self":[{"href":"https:\/\/www.europesays.com\/se\/wp-json\/wp\/v2\/posts\/98081","targetHints":{"allow":["GET"]}}],"collection":[{"href":"https:\/\/www.europesays.com\/se\/wp-json\/wp\/v2\/posts"}],"about":[{"href":"https:\/\/www.europesays.com\/se\/wp-json\/wp\/v2\/types\/post"}],"author":[{"embeddable":true,"href":"https:\/\/www.europesays.com\/se\/wp-json\/wp\/v2\/users\/2"}],"replies":[{"embeddable":true,"href":"https:\/\/www.europesays.com\/se\/wp-json\/wp\/v2\/comments?post=98081"}],"version-history":[{"count":0,"href":"https:\/\/www.europesays.com\/se\/wp-json\/wp\/v2\/posts\/98081\/revisions"}],"wp:featuredmedia":[{"embeddable":true,"href":"https:\/\/www.europesays.com\/se\/wp-json\/wp\/v2\/media\/98082"}],"wp:attachment":[{"href":"https:\/\/www.europesays.com\/se\/wp-json\/wp\/v2\/media?parent=98081"}],"wp:term":[{"taxonomy":"category","embeddable":true,"href":"https:\/\/www.europesays.com\/se\/wp-json\/wp\/v2\/categories?post=98081"},{"taxonomy":"post_tag","embeddable":true,"href":"https:\/\/www.europesays.com\/se\/wp-json\/wp\/v2\/tags?post=98081"}],"curies":[{"name":"wp","href":"https:\/\/api.w.org\/{rel}","templated":true}]}}