{"id":98179,"date":"2025-12-05T17:59:27","date_gmt":"2025-12-05T17:59:27","guid":{"rendered":"https:\/\/www.europesays.com\/se\/98179\/"},"modified":"2025-12-05T17:59:27","modified_gmt":"2025-12-05T17:59:27","slug":"vi-maste-skydda-sverige-nu-ar-det-upp-till-bevis","status":"publish","type":"post","link":"https:\/\/www.europesays.com\/se\/98179\/","title":{"rendered":"Vi m\u00e5ste skydda Sverige \u2013 nu \u00e4r det upp till bevis"},"content":{"rendered":"<p>Tid\u00f6partierna: Vill S ta g\u00e4ngtopparnas medborgarskap eller inte?<img decoding=\"async\" class=\"image-asset hyperion-css-n6kkq1\" data-test-tag=\"image-asset\" src=\"https:\/\/www.europesays.com\/se\/wp-content\/uploads\/2025\/08\/ab-icon-circle-quote@2x.png\"  alt=\"\"  loading=\"lazy\" fetchpriority=\"auto\" style=\"aspect-ratio:16 \/ 16\"\/><\/p>\n<p class=\"boxtextgrotesk-root_baa6 hyperion-css-qkznpo\"><strong>Detta \u00e4r en debattartikel.<\/strong> Det \u00e4r skribenten som st\u00e5r f\u00f6r \u00e5sikterna som f\u00f6rs fram i texten, inte Aftonbladet.<\/p>\n<p class=\"boxtextgrotesk-root_baa6 hyperion-css-7pajle\">Publicerad 2025-12-04 11.45<\/p>\n<p>share-arrowDela<\/p>\n<p>unsaveSpara<\/p>\n<p>expand-left<\/p>\n<p>helsk\u00e4rm<img decoding=\"async\" class=\"image-asset hyperion-css-u06ts1\" data-test-tag=\"image-asset\" src=\"https:\/\/www.europesays.com\/se\/wp-content\/uploads\/2025\/12\/fd4fd60e-42c0-4a30-ad1a-329336f10f61\"  alt=\"Nu har vi inte r\u00e5d att tappa fyra \u00e5r till. Sedan kommitt\u00e9ns f\u00f6rslag \u00f6verl\u00e4mnades i januari 2025 har regeringen arbetat vidare med en reglering som skulle g\u00f6ra det m\u00f6jligt att fr\u00e5nta medborgarskapet fr\u00e5n den med dubbla medborgarskap som beg\u00e5r brott som allvarligt skadar statens vitala intressen, skriver Tid\u00f6partierna i en debattartikel.\"  loading=\"eager\" fetchpriority=\"high\" style=\"aspect-ratio:1900 \/ 1178\"\/>Nu har vi inte r\u00e5d att tappa fyra \u00e5r till. Sedan kommitt\u00e9ns f\u00f6rslag \u00f6verl\u00e4mnades i januari 2025 har regeringen arbetat vidare med en reglering som skulle g\u00f6ra det m\u00f6jligt att fr\u00e5nta medborgarskapet fr\u00e5n den med dubbla medborgarskap som beg\u00e5r brott som allvarligt skadar statens vitala intressen, skriver Tid\u00f6partierna i en debattartikel. Foto: Martina Holmberg \/ TT<\/p>\n<p class=\"hyperion-css-1shl3oz\" data-test-tag=\"lead-text\">F\u00f6r drygt ett \u00e5r sedan satte Socialdemokraterna stopp f\u00f6r att ta g\u00e4ngtopparnas medborgarskap. <\/p>\n<p class=\"hyperion-css-1shl3oz\" data-test-tag=\"lead-text\">Men vi har arbetat vidare, och l\u00e4gger snart skarpa f\u00f6rslag p\u00e5 Riksdagens bord som skulle g\u00f6ra det m\u00f6jligt. <\/p>\n<p class=\"hyperion-css-1shl3oz\" data-test-tag=\"lead-text\">Nu \u00e4r det upp till bevis om Socialdemokraterna \u00e4r beredda att g\u00f6ra det som kr\u00e4vs f\u00f6r att komma \u00e5t g\u00e4ngtopparna. <\/p>\n<p class=\"hyperion-css-1shl3oz\" data-test-tag=\"lead-text\">Det skriver justitieminister Gunnar Str\u00f6mmer (M), Henrik Vinge (SD), Christian Carlsson (KD) och Martin Melin (L).<\/p>\n<p class=\"hyperion-css-1v9qo5x\">DEBATT. Sommaren 2023 tillsatte regeringen en parlamentarisk kommitt\u00e9 med uppdrag att se \u00f6ver ett antal fr\u00e5gor kopplade till skyddet f\u00f6r grundl\u00e4ggande fri- och r\u00e4ttigheter i regeringsformen.<\/p>\n<p class=\"hyperion-css-1v9qo5x\">En fr\u00e5ga som kommitt\u00e9n hade att titta p\u00e5 var om det borde vara m\u00f6jligt att fr\u00e5nta det svenska medborgarskapet fr\u00e5n den med dubbla medborgarskap som beg\u00e5tt systemhotande brottslighet, till exempel brottslighet som sker inom ramen f\u00f6r kriminella n\u00e4tverk och som utmanar grundlagsskyddade v\u00e4rden eller statens v\u00e5ldsmonopol.<\/p>\n<p class=\"hyperion-css-1v9qo5x\"><strong>I dag s\u00e4tter grundlagen stopp f\u00f6r att \u00e5terkalla ett svenskt medborgarskap. Inte ens om en person har fuskat eller mutat till sig sitt medborgarskap, eller beg\u00e5tt mycket allvarliga brott som skadar Sverige. Det h\u00e4r \u00e4r en stor brist och skiljer oss fr\u00e5n v\u00e5ra nordiska grannl\u00e4nder.<\/strong><\/p>\n<blockquote data-test-tag=\"blockquote\" class=\"blockquote-content_747c\"><p>pullquoteM\u00e5ste skydda v\u00e5rt samh\u00e4lle fr\u00e5n v\u00e4ldigt farliga personer<\/p><\/blockquote>\n<p class=\"hyperion-css-1v9qo5x\">Den organiserade brottsligheten \u00e4r en sorts inhemsk terrorism med stort v\u00e5ldskapital, som tystar vittnen, hotar socialsekreterare, infiltrerar myndigheter och politiska partier och bedrar v\u00e5ra v\u00e4lf\u00e4rdssystem.<\/p>\n<p class=\"hyperion-css-1v9qo5x\">Enligt <a data-test-tag=\"internal-link\" href=\"https:\/\/www.aftonbladet.se\/tagg\/polisen-myndighet\" class=\"hyperion-css-15jkft9\" rel=\"nofollow noopener\" target=\"\" aria-label=\"Polismyndigheten\" theme=\"opinion\">Polismyndigheten<\/a> bed\u00f6ms cirka 1 400 av de som \u00e4r aktiva i kriminella n\u00e4tverk ha dubbla medborgarskap. Det h\u00e4r \u00e4r allts\u00e5 individer som st\u00e5r f\u00f6r stora integritets- och trygghetsf\u00f6rluster f\u00f6r m\u00e5nga enskilda m\u00e4nniskor, men som ocks\u00e5 hotar grundl\u00e4ggande v\u00e4rden i v\u00e5rt samh\u00e4lle.<\/p>\n<p class=\"hyperion-css-1v9qo5x\"><strong>I den parlamentariska kommitt\u00e9n arbetade v\u00e5ra fyra partier h\u00e5rt f\u00f6r att kommitt\u00e9n skulle l\u00e4gga fram ett f\u00f6rslag som g\u00f6r det m\u00f6jligt att fr\u00e5nta medborgarskap fr\u00e5n den med dubbelt medborgarskap som beg\u00e5tt systemhotande brottslighet. Vi talar d\u00e5 inte minst om g\u00e4ngtopparna. Det handlar om att v\u00e4rna det svenska medborgarskapet v\u00e4rde och integritet. Men ocks\u00e5 om att skydda v\u00e5rt samh\u00e4lle fr\u00e5n v\u00e4ldigt farliga personer.<\/strong><\/p>\n<p class=\"hyperion-css-1v9qo5x\">Men det f\u00f6rslaget satte Socialdemokraterna stopp f\u00f6r. Trots l\u00f6ften om att sl\u00e5 h\u00e5rt mot g\u00e4ngtopparna, trots deras v\u00e4djan om att samarbeta block\u00f6verskridande mot g\u00e4ngen och trots att de r\u00e4ttsliga f\u00f6ruts\u00e4ttningarna fanns.<\/p>\n<p class=\"hyperion-css-1v9qo5x\"><strong>N\u00e4r det verkligen g\u00e4llde valde ist\u00e4llet Socialdemokraterna sitt regeringsunderlag framf\u00f6r landets b\u00e4sta. I kommitt\u00e9n sa Milj\u00f6partiet och V\u00e4nsterpartiet nej till varje m\u00f6jlighet att \u00e5terkalla medborgarskap p\u00e5 grund av brott, och Centerpartiet v\u00e4grade att ta i den systemhotande organiserade brottsligheten.<\/strong><\/p>\n<p class=\"hyperion-css-1v9qo5x\">P\u00e5 soliga adresser i utlandet satt g\u00e4ngtopparna och appl\u00e5derade.<\/p>\n<p class=\"hyperion-css-1v9qo5x\">Det \u00e4r inte f\u00f6rsta g\u00e5ngen vi ser att Socialdemokraterna f\u00f6rdr\u00f6jer viktiga reformer mot g\u00e4ngen. S\u00e4kerhetszoner, anonyma vittnen och preventiva vistelsef\u00f6rbud \u00e4r bara n\u00e5gra exempel. Och under f\u00f6rra mandatperioden stoppade de m\u00f6jligheten att kriminalisera deltagande i g\u00e4ng. Nu har de till sist \u00e4ndrat sig p\u00e5 den punkten, och det v\u00e4lkomnar vi. Men kostnaden blev v\u00e4ldigt h\u00f6g f\u00f6r Sverige. Vi har tappat minst fyra \u00e5r i kampen mot g\u00e4ngen.<\/p>\n<blockquote data-test-tag=\"blockquote\" class=\"blockquote-content_747c\"><p>pullquoteInte enkelt att h\u00e4nga med i Socialdemokraternas flipp-floppande<\/p><\/blockquote>\n<p class=\"hyperion-css-1v9qo5x\"><strong>Nu har vi inte r\u00e5d att tappa fyra \u00e5r till. Sedan kommitt\u00e9ns f\u00f6rslag \u00f6verl\u00e4mnades i januari 2025 har regeringen arbetat vidare med en reglering som skulle g\u00f6ra det m\u00f6jligt att fr\u00e5nta medborgarskapet fr\u00e5n den med dubbla medborgarskap som beg\u00e5r brott som allvarligt skadar statens vitala intressen. F\u00f6rslaget omfattar exempelvis terrorism men ocks\u00e5 allvarlig systemhotande brottslighet som beg\u00e5s inom ramen f\u00f6r kriminella n\u00e4tverk. Och snart avser regeringen att l\u00e4gga s\u00e5dana f\u00f6rslag p\u00e5 riksdagens bord.<\/strong><\/p>\n<p class=\"hyperion-css-1v9qo5x\">Socialdemokraterna har ocks\u00e5 en historik av att \u00e4ndra sig, och i det h\u00e4r fallet dr\u00f6jde det bara ett par timmar efter att kommitt\u00e9n \u00f6verl\u00e4mnat sitt bet\u00e4nkande till regeringen tills de v\u00e4nde 180 grader och l\u00e4t f\u00f6rst\u00e5 att de \u00e4nd\u00e5 kunde t\u00e4nka sig att \u00e5terkalla g\u00e4ngtopparnas medborgarskap.<\/p>\n<p class=\"hyperion-css-1v9qo5x\">Det \u00e4r f\u00f6rst\u00e5s v\u00e4lkommet, \u00e4ven om det inte \u00e4r helt enkelt att h\u00e4nga med i Socialdemokraternas flipp-floppande. S\u00e5 nu g\u00f6r vi det mycket enkelt genom att i n\u00e4rtid l\u00e4gga skarpa f\u00f6rslag p\u00e5 riksdagens bord f\u00f6r Socialdemokraterna att ta st\u00e4llning till.<\/p>\n<p class=\"hyperion-css-1v9qo5x\"><strong>Fr\u00e5gan \u00e4r: \u00c4r Magdalena Andersson beredd att g\u00f6ra det som kr\u00e4vs f\u00f6r att ta g\u00e4ngtopparnas medborgarskap, och skydda Sverige?<\/strong><\/p>\n<p><img decoding=\"async\" class=\"image-asset hyperion-css-u06ts1\" data-test-tag=\"image-asset\" src=\"https:\/\/www.europesays.com\/se\/wp-content\/uploads\/2025\/12\/1764957567_239_de9f2348-8035-4a2d-9763-a962274ff7de\"  alt=\"\"  loading=\"eager\" fetchpriority=\"high\" style=\"aspect-ratio:1401 \/ 38\"\/><\/p>\n<p class=\"hyperion-css-1v9qo5x\"><a data-test-tag=\"internal-link\" href=\"https:\/\/www.aftonbladet.se\/tagg\/gunnar-strommer\" class=\"hyperion-css-15jkft9\" rel=\"nofollow noopener\" target=\"\" theme=\"opinion\"><strong>Gunnar Str\u00f6mmer<\/strong><\/a> (M), justitieminister<\/p>\n<p class=\"hyperion-css-1v9qo5x\"><strong>Henrik Vinge<\/strong> (SD), ordf\u00f6rande i justitieutskottet<\/p>\n<p class=\"hyperion-css-1v9qo5x\"><strong>Christian Carlsson<\/strong> (KD), ordf\u00f6rande i socialutskottet<\/p>\n<p class=\"hyperion-css-1v9qo5x\"><strong>Martin Melin<\/strong> (L), r\u00e4ttspolitisk talesperson<\/p>\n<p>expand-left<\/p>\n<p>helsk\u00e4rm<img decoding=\"async\" class=\"image-asset hyperion-css-u06ts1\" data-test-tag=\"image-asset\" src=\"https:\/\/www.europesays.com\/se\/wp-content\/uploads\/2025\/12\/038dd675-846d-4b0e-9a64-cd898fb13308\"  alt=\"I dag s\u00e4tter grundlagen stopp f\u00f6r att \u00e5terkalla ett svenskt medborgarskap. Inte ens om en person har fuskat eller mutat till sig sitt medborgarskap, eller beg\u00e5tt mycket allvarliga brott som skadar Sverige. Det h\u00e4r \u00e4r en stor brist och skiljer oss fr\u00e5n v\u00e5ra nordiska grannl\u00e4nder, skriver undertecknarna.\"  loading=\"eager\" fetchpriority=\"high\" style=\"aspect-ratio:1217 \/ 500\"\/>I dag s\u00e4tter grundlagen stopp f\u00f6r att \u00e5terkalla ett svenskt medborgarskap. Inte ens om en person har fuskat eller mutat till sig sitt medborgarskap, eller beg\u00e5tt mycket allvarliga brott som skadar Sverige. Det h\u00e4r \u00e4r en stor brist och skiljer oss fr\u00e5n v\u00e5ra nordiska grannl\u00e4nder, skriver undertecknarna.FAKTAS\u00e5 skriver du en debattartikel<\/p>\n<p class=\"hyperion-css-jonaf8\"><strong>Vill du ocks\u00e5 debattera? S\u00e5 h\u00e4r g\u00f6r du om du vill skicka in debattartiklar och ins\u00e4ndare till Aftonbladet Debatt.<\/strong><\/p>\n<p class=\"hyperion-css-jonaf8\">arrow Debattartikel:<\/p>\n<p class=\"hyperion-css-jonaf8\">Skriv runt 3 500 tecken inklusive blanksteg och mejla texten till debatt@aftonbladet.se<\/p>\n<p class=\"hyperion-css-jonaf8\">Skicka med bild p\u00e5 dig sj\u00e4lv och kontaktuppgifter. Vi l\u00e4ser och svarar s\u00e5 fort vi kan, oftast inom 24 timmar.<\/p>\n<p class=\"hyperion-css-jonaf8\">arrow Replik:<\/p>\n<p class=\"hyperion-css-jonaf8\">Skriv max 2 000 tecken inklusive blanksteg och mejla texten till debatt@aftonbladet.se<\/p>\n<p>L\u00e4s mer<\/p>\n","protected":false},"excerpt":{"rendered":"Tid\u00f6partierna: Vill S ta g\u00e4ngtopparnas medborgarskap eller inte? Detta \u00e4r en debattartikel. Det \u00e4r skribenten som st\u00e5r f\u00f6r&hellip;\n","protected":false},"author":2,"featured_media":98180,"comment_status":"","ping_status":"","sticky":false,"template":"","format":"standard","meta":{"footnotes":""},"categories":[5],"tags":[22,23,26,27,17,21,24,25,28,29,15,16,18,34,31,33,32,30,19,20],"class_list":{"0":"post-98179","1":"post","2":"type-post","3":"status-publish","4":"format-standard","5":"has-post-thumbnail","7":"category-rubriker","8":"tag-breaking-news","9":"tag-breakingnews","10":"tag-featured-news","11":"tag-featurednews","12":"tag-headlines","13":"tag-huvudnyheter","14":"tag-latest-news","15":"tag-latestnews","16":"tag-main-news","17":"tag-mainnews","18":"tag-news","19":"tag-nyheter","20":"tag-rubriker","21":"tag-se","22":"tag-svenska","23":"tag-sverige","24":"tag-sweden","25":"tag-swedish","26":"tag-top-stories","27":"tag-topstories"},"share_on_mastodon":{"url":"https:\/\/pubeurope.com\/@se\/115668265717806003","error":""},"_links":{"self":[{"href":"https:\/\/www.europesays.com\/se\/wp-json\/wp\/v2\/posts\/98179","targetHints":{"allow":["GET"]}}],"collection":[{"href":"https:\/\/www.europesays.com\/se\/wp-json\/wp\/v2\/posts"}],"about":[{"href":"https:\/\/www.europesays.com\/se\/wp-json\/wp\/v2\/types\/post"}],"author":[{"embeddable":true,"href":"https:\/\/www.europesays.com\/se\/wp-json\/wp\/v2\/users\/2"}],"replies":[{"embeddable":true,"href":"https:\/\/www.europesays.com\/se\/wp-json\/wp\/v2\/comments?post=98179"}],"version-history":[{"count":0,"href":"https:\/\/www.europesays.com\/se\/wp-json\/wp\/v2\/posts\/98179\/revisions"}],"wp:featuredmedia":[{"embeddable":true,"href":"https:\/\/www.europesays.com\/se\/wp-json\/wp\/v2\/media\/98180"}],"wp:attachment":[{"href":"https:\/\/www.europesays.com\/se\/wp-json\/wp\/v2\/media?parent=98179"}],"wp:term":[{"taxonomy":"category","embeddable":true,"href":"https:\/\/www.europesays.com\/se\/wp-json\/wp\/v2\/categories?post=98179"},{"taxonomy":"post_tag","embeddable":true,"href":"https:\/\/www.europesays.com\/se\/wp-json\/wp\/v2\/tags?post=98179"}],"curies":[{"name":"wp","href":"https:\/\/api.w.org\/{rel}","templated":true}]}}