{"id":98198,"date":"2025-12-05T18:53:36","date_gmt":"2025-12-05T18:53:36","guid":{"rendered":"https:\/\/www.europesays.com\/se\/98198\/"},"modified":"2025-12-05T18:53:36","modified_gmt":"2025-12-05T18:53:36","slug":"regeringen-paskyndar-utbyggnaden-av-laddinfrastruktur-tidningen-proffs","status":"publish","type":"post","link":"https:\/\/www.europesays.com\/se\/98198\/","title":{"rendered":"Regeringen p\u00e5skyndar utbyggnaden av laddinfrastruktur &#8211; Tidningen PROFFS"},"content":{"rendered":"<p>&#13;<br \/>\n\t\t\t\t\t<strong>Regeringen har beslutat om f\u00f6rordnings\u00e4ndringar f\u00f6r att p\u00e5skynda transportsektorns klimatomst\u00e4llning och utbyggnaden av laddinfrastruktur f\u00f6r personbilstrafiken och l\u00e4tta lastbilar. Det handlar om att bredda det s\u00e5 kallade Ladda bilen-st\u00f6det till fler s\u00f6kande och anv\u00e4ndaromr\u00e5den.<\/strong>&#13;\n\t\t\t\t<\/p>\n<p>Regeringen har i g\u00e5r beslutat om f\u00f6rordnings\u00e4ndringar inom Ladda bilen-st\u00f6det. \u00c4ndringarna inneb\u00e4r bland annat att stora akt\u00f6rer som fastighetsbolag ska kunna s\u00f6ka st\u00f6det. Det blir ocks\u00e5 m\u00f6jligt att s\u00f6ka st\u00f6det f\u00f6r laddinfrastruktur vid g\u00e4stparkeringar som exempelvis vid hotell och campingar.<\/p>\n<p>\t\t\t<a data-no-instant=\"1\" href=\"https:\/\/order.flowy.se\/vagpress\/proffs\" rel=\"noopener nofollow\" class=\"a2t-link\" target=\"_blank\" aria-label=\"Julpren_25_webb\"><img loading=\"lazy\" alt=\"\" width=\"1024\" height=\"1536\" style=\" max-width: 100%; height: auto;\" src=\"https:\/\/www.europesays.com\/se\/wp-content\/uploads\/2025\/12\/Julpren_25_webb.jpg\" decoding=\"async\"  data- class=\"lazyload\" data-eio-rwidth=\"1024\" data-eio-rheight=\"1536\"\/><\/a><\/p>\n<p><strong>Utbyggd laddinfrastruktur<\/strong> \u00e4r helt avg\u00f6rande f\u00f6r en fortsatt elektrifiering av fordonsflottan, s\u00e4ger milj\u00f6minister Romina Pourmokhtari (L) i ett pressmeddelande.<br \/>\u2013 Klimatklivet \u00e4r ett av regeringens viktigaste st\u00f6d f\u00f6r att p\u00e5skynda utbyggnaden av laddinfrastruktur i hela v\u00e5rt avl\u00e5nga land. Under den h\u00e4r mandatperioden g\u00f6r vi d\u00e4rf\u00f6r de st\u00f6rsta satsningarna n\u00e5gonsin. Nu breddar vi st\u00f6det s\u00e5 fler stora akt\u00f6rer f\u00e5r incitament att installera den laddinfrastruktur som omst\u00e4llningen kr\u00e4ver, s\u00e4ger hon.<\/p>\n<p><strong>Ladda bilen-st\u00f6det \u00e4r<\/strong> en del av Klimatklivet och administreras av Naturv\u00e5rdsverket. St\u00f6det kan i dag s\u00f6kas av bostadsr\u00e4ttsf\u00f6reningar, f\u00f6retag och andra organisationer f\u00f6r laddstationer vid bost\u00e4der och arbetsplatser. Bara f\u00f6rra \u00e5ret beviljades cirka en halv miljard kronor i st\u00f6d till omkring 43 000 laddpunkter.<\/p>\n<p><strong>G\u00e5rdagens beslut<\/strong> bidrar till en breddning av st\u00f6det vilket v\u00e4ntas \u00f6ka utdelningen av st\u00f6d och p\u00e5skynda utbyggnaden av laddinfrastruktur. Samtidigt som breddningen sker har regeringen gjort ytterligare satsningar p\u00e5 Klimatklivet. I budgetpropositionen f\u00f6r 2026 f\u00f6resl\u00e5s anslaget att \u00f6ka med 1,5 miljarder kronor 2026 till totalt cirka 4,5 miljarder kronor. Samtidigt f\u00f6resl\u00e5s bemyndigandet att h\u00f6jas till 8 miljarder kronor.<\/p>\n<p><strong>\u00c4ndringarna tr\u00e4der<\/strong> i kraft den 1 februari 2026.<\/p>\n","protected":false},"excerpt":{"rendered":"&#13; Regeringen har beslutat om f\u00f6rordnings\u00e4ndringar f\u00f6r att p\u00e5skynda transportsektorns klimatomst\u00e4llning och utbyggnaden av laddinfrastruktur f\u00f6r personbilstrafiken och&hellip;\n","protected":false},"author":2,"featured_media":98199,"comment_status":"","ping_status":"","sticky":false,"template":"","format":"standard","meta":{"footnotes":""},"categories":[65],"tags":[72,70,71,34,31,33,32,30],"class_list":{"0":"post-98198","1":"post","2":"type-post","3":"status-publish","4":"format-standard","5":"has-post-thumbnail","7":"category-ekonomi","8":"tag-business","9":"tag-economy","10":"tag-ekonomi","11":"tag-se","12":"tag-svenska","13":"tag-sverige","14":"tag-sweden","15":"tag-swedish"},"share_on_mastodon":{"url":"https:\/\/pubeurope.com\/@se\/115668477865364238","error":""},"_links":{"self":[{"href":"https:\/\/www.europesays.com\/se\/wp-json\/wp\/v2\/posts\/98198","targetHints":{"allow":["GET"]}}],"collection":[{"href":"https:\/\/www.europesays.com\/se\/wp-json\/wp\/v2\/posts"}],"about":[{"href":"https:\/\/www.europesays.com\/se\/wp-json\/wp\/v2\/types\/post"}],"author":[{"embeddable":true,"href":"https:\/\/www.europesays.com\/se\/wp-json\/wp\/v2\/users\/2"}],"replies":[{"embeddable":true,"href":"https:\/\/www.europesays.com\/se\/wp-json\/wp\/v2\/comments?post=98198"}],"version-history":[{"count":0,"href":"https:\/\/www.europesays.com\/se\/wp-json\/wp\/v2\/posts\/98198\/revisions"}],"wp:featuredmedia":[{"embeddable":true,"href":"https:\/\/www.europesays.com\/se\/wp-json\/wp\/v2\/media\/98199"}],"wp:attachment":[{"href":"https:\/\/www.europesays.com\/se\/wp-json\/wp\/v2\/media?parent=98198"}],"wp:term":[{"taxonomy":"category","embeddable":true,"href":"https:\/\/www.europesays.com\/se\/wp-json\/wp\/v2\/categories?post=98198"},{"taxonomy":"post_tag","embeddable":true,"href":"https:\/\/www.europesays.com\/se\/wp-json\/wp\/v2\/tags?post=98198"}],"curies":[{"name":"wp","href":"https:\/\/api.w.org\/{rel}","templated":true}]}}