{"id":98269,"date":"2025-12-05T21:12:10","date_gmt":"2025-12-05T21:12:10","guid":{"rendered":"https:\/\/www.europesays.com\/se\/98269\/"},"modified":"2025-12-05T21:12:10","modified_gmt":"2025-12-05T21:12:10","slug":"polisen-infor-hogerextrema-marschen-blir-en-oro-vasterbottens-kuriren","status":"publish","type":"post","link":"https:\/\/www.europesays.com\/se\/98269\/","title":{"rendered":"Polisen inf\u00f6r h\u00f6gerextrema marschen: \u201dBlir en oro\u201d &#8211; V\u00e4sterbottens-Kuriren"},"content":{"rendered":"<ol>\n<li><a href=\"https:\/\/news.google.com\/rss\/articles\/CBMiigFBVV95cUxQVEQtdjZnMy1meG9LS0pXQ2g5a2dZSmlPTVlXcEM1XzBmeDNTek00NjY0b1JqdmozVEcwUmQ3OXVfX181X1liSll1Y3k2QU91M0R5RGdEYzRsZGdpNU9OQkQxVV83S05xVXdtVVhSQU5NNDZQQ19xMkV4dHpyNzQ4MzZDNG1UQlRKZWc?oc=5\" target=\"_blank\" rel=\"nofollow noopener\">Polisen inf\u00f6r h\u00f6gerextrema marschen: \u201dBlir en oro\u201d<\/a>&nbsp;&nbsp;V\u00e4sterbottens-Kuriren<\/li>\n<li><a href=\"https:\/\/news.google.com\/rss\/articles\/CBMikgFBVV95cUxPTmJQUGhOUDdqSnVWdGs3T0EzZVd5V2Q4NGU4czJ4SmcwNENuRVVNMGlydVQxUTIxLWIzSGpjSC1VQ1JyczFOaHlOX3YtbUg5S2t1dGc0b01RbFBjX3FaanNaYll4WWYxOU5OMkFOc3pqMFFpdGVzV2xBZThLenhoYU95elNiRlJYUEV0cHRlYUJwZw?oc=5\" target=\"_blank\" rel=\"nofollow noopener\">Experterna om nazidemonstrationerna: \u201dG\u00e5r i cykler\u201d<\/a>&nbsp;&nbsp;Aftonbladet<\/li>\n<li><a href=\"https:\/\/news.google.com\/rss\/articles\/CBMieEFVX3lxTFA4ZlI4eFBSbWw0STRNTlc5S0ptczliUTRzSVJzdi13dDl1OGR2LTJwVjM3VzQ2MGNCNVZiNUVjRjdVbFpDTHo4Z3ZwalBFOFNsYjR5OFVjaTk1Wk5LUE1BMENDWlU5SWtFVTU0dWJhcFlGMXdtTDdMQg?oc=5\" target=\"_blank\" rel=\"nofollow noopener\">Ny Salemmarsch planeras i helgen \u2013 efter 15 \u00e5r<\/a>&nbsp;&nbsp;Omni<\/li>\n<li><a href=\"https:\/\/news.google.com\/rss\/articles\/CBMiowFBVV95cUxQcl9BaV9qdi1BZjFSZkhFNld3VkpkelBUTlNwZzU3dWlZNUlpSGJtbHlwdmQ2T0NhNUpHZlFxS0VhV3NsdmlwNmtxX2F3bURIM0hudjRBZVJ2aXFMVGJmdnFzMklrbFB1ak8taGw3VXVmRVo2VE9JQnNPMDJULTJpOEo3aUF4ZjllQ19jeERVV0FKYXlOa25iX1IxVE00cmRXR2dN?oc=5\" target=\"_blank\" rel=\"nofollow noopener\">Polisen rustar f\u00f6r br\u00e5k vid Salemmarschen \u2013 med dr\u00f6nare och h\u00e4star<\/a>&nbsp;&nbsp;Sveriges Radio<\/li>\n<li><a href=\"https:\/\/news.google.com\/rss\/articles\/CBMiqAFBVV95cUxQeHI5UUVHX3lteU40OEs2a3hSQjA3bzJmcmZWQXZKVk5OSDVRQjRTQTZBZVR3eElCcDZqejhwa3dab201cTliVUMwbDVLeTQ0RHRETE5oeHB0T0trQVQ5dTdqaDB3SVhOSmFsQjdjdUVkUkIwX1E5b0pUd2RISDdpV3hZMUxfaWUxTjkxbEhwNV9OdG9XOFZTeHF4bkpqcTNLTEJLRTUwZ24?oc=5\" target=\"_blank\" rel=\"nofollow noopener\">36-\u00e5rig man fr\u00e5n Kramfors kommun bakom h\u00f6gerextrem marsch i Salem<\/a>&nbsp;&nbsp;SVT Nyheter<\/li>\n<\/ol>\n","protected":false},"excerpt":{"rendered":"Polisen inf\u00f6r h\u00f6gerextrema marschen: \u201dBlir en oro\u201d&nbsp;&nbsp;V\u00e4sterbottens-Kuriren Experterna om nazidemonstrationerna: \u201dG\u00e5r i cykler\u201d&nbsp;&nbsp;Aftonbladet Ny Salemmarsch planeras i helgen&hellip;\n","protected":false},"author":2,"featured_media":98270,"comment_status":"","ping_status":"","sticky":false,"template":"","format":"standard","meta":{"footnotes":""},"categories":[12],"tags":[22,23,26,27,17,21,24,25,28,29,15,16,18,34,31,33,32,30,19,20],"class_list":{"0":"post-98269","1":"post","2":"type-post","3":"status-publish","4":"format-standard","5":"has-post-thumbnail","7":"category-sverige","8":"tag-breaking-news","9":"tag-breakingnews","10":"tag-featured-news","11":"tag-featurednews","12":"tag-headlines","13":"tag-huvudnyheter","14":"tag-latest-news","15":"tag-latestnews","16":"tag-main-news","17":"tag-mainnews","18":"tag-news","19":"tag-nyheter","20":"tag-rubriker","21":"tag-se","22":"tag-svenska","23":"tag-sverige","24":"tag-sweden","25":"tag-swedish","26":"tag-top-stories","27":"tag-topstories"},"share_on_mastodon":{"url":"https:\/\/pubeurope.com\/@se\/115669024491759382","error":""},"_links":{"self":[{"href":"https:\/\/www.europesays.com\/se\/wp-json\/wp\/v2\/posts\/98269","targetHints":{"allow":["GET"]}}],"collection":[{"href":"https:\/\/www.europesays.com\/se\/wp-json\/wp\/v2\/posts"}],"about":[{"href":"https:\/\/www.europesays.com\/se\/wp-json\/wp\/v2\/types\/post"}],"author":[{"embeddable":true,"href":"https:\/\/www.europesays.com\/se\/wp-json\/wp\/v2\/users\/2"}],"replies":[{"embeddable":true,"href":"https:\/\/www.europesays.com\/se\/wp-json\/wp\/v2\/comments?post=98269"}],"version-history":[{"count":0,"href":"https:\/\/www.europesays.com\/se\/wp-json\/wp\/v2\/posts\/98269\/revisions"}],"wp:featuredmedia":[{"embeddable":true,"href":"https:\/\/www.europesays.com\/se\/wp-json\/wp\/v2\/media\/98270"}],"wp:attachment":[{"href":"https:\/\/www.europesays.com\/se\/wp-json\/wp\/v2\/media?parent=98269"}],"wp:term":[{"taxonomy":"category","embeddable":true,"href":"https:\/\/www.europesays.com\/se\/wp-json\/wp\/v2\/categories?post=98269"},{"taxonomy":"post_tag","embeddable":true,"href":"https:\/\/www.europesays.com\/se\/wp-json\/wp\/v2\/tags?post=98269"}],"curies":[{"name":"wp","href":"https:\/\/api.w.org\/{rel}","templated":true}]}}