{"id":98275,"date":"2025-12-05T21:22:13","date_gmt":"2025-12-05T21:22:13","guid":{"rendered":"https:\/\/www.europesays.com\/se\/98275\/"},"modified":"2025-12-05T21:22:13","modified_gmt":"2025-12-05T21:22:13","slug":"handla-mat-i-brickebacken-genom-din-mobil-nerikes-allehanda-2","status":"publish","type":"post","link":"https:\/\/www.europesays.com\/se\/98275\/","title":{"rendered":"Handla mat i Brickebacken \u2013 genom din mobil \u2013 Nerikes Allehanda"},"content":{"rendered":"<p>12 februari \u00f6ppnar Ica ToGo i Brickebacken centrum.<\/p>\n<p>Det blir en l\u00e5gprisbutik d\u00e4r du handlar med hj\u00e4lp av din telefon \u2013 eftersom aff\u00e4ren \u00e4r obemannad.<\/p>\n<p>\u2013 P\u00e5 det s\u00e4ttet f\u00e5r vi l\u00e5ga kostnader och en bra prisniv\u00e5, s\u00e4ger Ica-handlaren Patrik Persson.<\/p>\n<p>Lukten av m\u00e5larf\u00e4rg pyser ut fr\u00e5n den sterila vita v\u00e4ggarna inne i den tomma lokalen i Brickebacken centrum. P\u00e5 m\u00e5ndag kommer f\u00f6rsta lasset med m\u00f6bler och d\u00e4refter \u00e5terst\u00e5r tv\u00e5 m\u00e5naders h\u00e5rt jobb f\u00f6r att f\u00f6rvandla lokalen till en fullfj\u00e4drad matbutik under konceptet Ica ToGo.<\/p>\n<p>Tekniskt fel<\/p>\n<p class=\"message__text txt-ui txt-ui-2\">V\u00e4nligen f\u00f6rs\u00f6k igen senare.<\/p>\n<p>Den h\u00e4r artikeln \u00e4r bara f\u00f6r prenumeranter<\/p>\n<p class=\"txt-body txt-body-1\">Om du redan \u00e4r prenumerant: logga in!<\/p>\n","protected":false},"excerpt":{"rendered":"12 februari \u00f6ppnar Ica ToGo i Brickebacken centrum. Det blir en l\u00e5gprisbutik d\u00e4r du handlar med hj\u00e4lp av&hellip;\n","protected":false},"author":2,"featured_media":98262,"comment_status":"","ping_status":"","sticky":false,"template":"","format":"standard","meta":{"footnotes":""},"categories":[5],"tags":[22,23,26,27,17,21,24,25,28,29,15,16,18,34,31,33,32,30,19,20],"class_list":{"0":"post-98275","1":"post","2":"type-post","3":"status-publish","4":"format-standard","5":"has-post-thumbnail","7":"category-rubriker","8":"tag-breaking-news","9":"tag-breakingnews","10":"tag-featured-news","11":"tag-featurednews","12":"tag-headlines","13":"tag-huvudnyheter","14":"tag-latest-news","15":"tag-latestnews","16":"tag-main-news","17":"tag-mainnews","18":"tag-news","19":"tag-nyheter","20":"tag-rubriker","21":"tag-se","22":"tag-svenska","23":"tag-sverige","24":"tag-sweden","25":"tag-swedish","26":"tag-top-stories","27":"tag-topstories"},"share_on_mastodon":{"url":"https:\/\/pubeurope.com\/@se\/115669063624766213","error":""},"_links":{"self":[{"href":"https:\/\/www.europesays.com\/se\/wp-json\/wp\/v2\/posts\/98275","targetHints":{"allow":["GET"]}}],"collection":[{"href":"https:\/\/www.europesays.com\/se\/wp-json\/wp\/v2\/posts"}],"about":[{"href":"https:\/\/www.europesays.com\/se\/wp-json\/wp\/v2\/types\/post"}],"author":[{"embeddable":true,"href":"https:\/\/www.europesays.com\/se\/wp-json\/wp\/v2\/users\/2"}],"replies":[{"embeddable":true,"href":"https:\/\/www.europesays.com\/se\/wp-json\/wp\/v2\/comments?post=98275"}],"version-history":[{"count":0,"href":"https:\/\/www.europesays.com\/se\/wp-json\/wp\/v2\/posts\/98275\/revisions"}],"wp:featuredmedia":[{"embeddable":true,"href":"https:\/\/www.europesays.com\/se\/wp-json\/wp\/v2\/media\/98262"}],"wp:attachment":[{"href":"https:\/\/www.europesays.com\/se\/wp-json\/wp\/v2\/media?parent=98275"}],"wp:term":[{"taxonomy":"category","embeddable":true,"href":"https:\/\/www.europesays.com\/se\/wp-json\/wp\/v2\/categories?post=98275"},{"taxonomy":"post_tag","embeddable":true,"href":"https:\/\/www.europesays.com\/se\/wp-json\/wp\/v2\/tags?post=98275"}],"curies":[{"name":"wp","href":"https:\/\/api.w.org\/{rel}","templated":true}]}}