{"id":98297,"date":"2025-12-05T22:35:19","date_gmt":"2025-12-05T22:35:19","guid":{"rendered":"https:\/\/www.europesays.com\/se\/98297\/"},"modified":"2025-12-05T22:35:19","modified_gmt":"2025-12-05T22:35:19","slug":"polisen-om-olyckan-i-are-fallit-i-backen","status":"publish","type":"post","link":"https:\/\/www.europesays.com\/se\/98297\/","title":{"rendered":"Polisen om olyckan i \u00c5re: \u201dFallit i backen\u201d"},"content":{"rendered":"<p>I\u202fg\u00e5r avled en man i 20-\u00e5rs\u00e5ldern efter en olycka i en skidbacke i \u00c5re. Enligt polisen har mannen inte blivit p\u00e5k\u00f6rd eller k\u00f6rt p\u00e5 n\u00e5gonting utan fallit i backen, skriver Aftonbladet. <\/p>\n<p>\u2013 Vi misst\u00e4nker inget brott bakom, s\u00e4ger polisen Agneta Brovinius. <\/p>\n<p>Vittnen har h\u00f6rts och ingen f\u00f6runders\u00f6kning kommer att inledas. Varf\u00f6r personen dog f\u00e5r i\u202fst\u00e4llet obduktionen avg\u00f6ra.    <\/p>\n<p>Omni \u00e4r politiskt obundna och oberoende. Vi str\u00e4var efter att ge fler perspektiv p\u00e5 nyheterna. Har du fr\u00e5gor eller synpunkter kring v\u00e5r rapportering? <a href=\"https:\/\/omni.se\/polisen-om-olyckan-i-are-fallit-i-backen\/a\/mailto:redaktion@omni.se\" class=\"ArticleActions_contactLink__W2F1M\" rel=\"nofollow noopener\" target=\"_blank\">Kontakta redaktionen<\/a><\/p>\n","protected":false},"excerpt":{"rendered":"I\u202fg\u00e5r avled en man i 20-\u00e5rs\u00e5ldern efter en olycka i en skidbacke i \u00c5re. Enligt polisen har mannen&hellip;\n","protected":false},"author":2,"featured_media":98298,"comment_status":"","ping_status":"","sticky":false,"template":"","format":"standard","meta":{"footnotes":""},"categories":[5],"tags":[2893,22,23,26,27,17,21,839,24,25,28,29,15,16,18,34,4530,31,33,32,30,19,20],"class_list":{"0":"post-98297","1":"post","2":"type-post","3":"status-publish","4":"format-standard","5":"has-post-thumbnail","7":"category-rubriker","8":"tag-are","9":"tag-breaking-news","10":"tag-breakingnews","11":"tag-featured-news","12":"tag-featurednews","13":"tag-headlines","14":"tag-huvudnyheter","15":"tag-jamtlands-lan","16":"tag-latest-news","17":"tag-latestnews","18":"tag-main-news","19":"tag-mainnews","20":"tag-news","21":"tag-nyheter","22":"tag-rubriker","23":"tag-se","24":"tag-skistar","25":"tag-svenska","26":"tag-sverige","27":"tag-sweden","28":"tag-swedish","29":"tag-top-stories","30":"tag-topstories"},"share_on_mastodon":{"url":"https:\/\/pubeurope.com\/@se\/115669350722743114","error":""},"_links":{"self":[{"href":"https:\/\/www.europesays.com\/se\/wp-json\/wp\/v2\/posts\/98297","targetHints":{"allow":["GET"]}}],"collection":[{"href":"https:\/\/www.europesays.com\/se\/wp-json\/wp\/v2\/posts"}],"about":[{"href":"https:\/\/www.europesays.com\/se\/wp-json\/wp\/v2\/types\/post"}],"author":[{"embeddable":true,"href":"https:\/\/www.europesays.com\/se\/wp-json\/wp\/v2\/users\/2"}],"replies":[{"embeddable":true,"href":"https:\/\/www.europesays.com\/se\/wp-json\/wp\/v2\/comments?post=98297"}],"version-history":[{"count":0,"href":"https:\/\/www.europesays.com\/se\/wp-json\/wp\/v2\/posts\/98297\/revisions"}],"wp:featuredmedia":[{"embeddable":true,"href":"https:\/\/www.europesays.com\/se\/wp-json\/wp\/v2\/media\/98298"}],"wp:attachment":[{"href":"https:\/\/www.europesays.com\/se\/wp-json\/wp\/v2\/media?parent=98297"}],"wp:term":[{"taxonomy":"category","embeddable":true,"href":"https:\/\/www.europesays.com\/se\/wp-json\/wp\/v2\/categories?post=98297"},{"taxonomy":"post_tag","embeddable":true,"href":"https:\/\/www.europesays.com\/se\/wp-json\/wp\/v2\/tags?post=98297"}],"curies":[{"name":"wp","href":"https:\/\/api.w.org\/{rel}","templated":true}]}}