{"id":98324,"date":"2025-12-05T23:48:16","date_gmt":"2025-12-05T23:48:16","guid":{"rendered":"https:\/\/www.europesays.com\/se\/98324\/"},"modified":"2025-12-05T23:48:16","modified_gmt":"2025-12-05T23:48:16","slug":"lat-misshandeln-avalvar-fa-ett-slut-nu-tomas-pettersson","status":"publish","type":"post","link":"https:\/\/www.europesays.com\/se\/98324\/","title":{"rendered":"L\u00e5t misshandeln av\nAlvar f\u00e5 ett slut nu | Tomas Pettersson"},"content":{"rendered":"<p>Tomas Pettersson<\/p>\n<p>Publicerad 5 dec 2025 kl 20.52Uppdaterad kl 21.51<\/p>\n<p>Det finns inget mer att bevisa. Inga mer fr\u00e5getecken att r\u00e4ta ut. Inga fler tvivel att sudda ut.<\/p>\n<p>S\u00e5 se till att g\u00f6ra r\u00e4tt nu.<\/p>\n<p>L\u00e5t \u00e4ntligen misshandeln av Alvar Myhlback f\u00e5 ett slut.\u00a0<\/p>\n<p>Hagstr\u00f6m och Ribom p\u00e5 pallen: \u201dSka fira med dubbeldusch\u201d<\/p>\n<p>Detta \u00e4r en kr\u00f6nika. Analys och st\u00e4llningstaganden \u00e4r skribentens.<\/p>\n<p><img   alt=\"\"\/><\/p>\n<p>Alvar Myhlback.<\/p>\n<p>Foto: MAXIM THORE \/ BILDBYR\u00c5N<\/p>\n<p>\u00d6ppna bild i helsk\u00e4rm<img   alt=\"\"\/>Tomas Pettersson<\/p>\n<p>\u2013 Allts\u00e5, Alvar gjorde ett eget m\u00e4sterverk av den h\u00e4r sprinten.<\/p>\n<p>Norrmannen Erik Valnes bl\u00e5ser ut lite snor ur n\u00e4san. Sedan forts\u00e4tter den tungt merittyngde 29-\u00e5ringen:<\/p>\n<p>\u2013 Hur m\u00e5nga juniorer har egentligen varit p\u00e5 pallen i v\u00e4rldscupen? Svaret \u00e4r ju extremt f\u00e5.<\/p>\n<p>Bara n\u00e5gra minuter tidigare har Erik Valnes sj\u00e4lv blivit bl\u00e5st p\u00e5 en pallplats av just <a href=\"https:\/\/www.expressen.se\/tagg\/person\/alvar-myhlback\/\" class=\"\" rel=\"nofollow noopener\" target=\"_blank\">Alvar Myhlback<\/a>. 19-\u00e5ringen fr\u00e5n Bjurs\u00e5s stakade furi\u00f6st f\u00f6rbi norrmannen p\u00e5 upploppet och petade ner Valnes fr\u00e5n topplaceringarna.<\/p>\n<p>Nu st\u00e5r norrmannen framf\u00f6r mig med en sak till att s\u00e4ga.<\/p>\n<p>\u2013 Sj\u00e4lvklart m\u00e5ste Alvar till OS.<\/p>\n<p>I n\u00e4sta sekund snubblar jag in i en av svensk l\u00e4ngd\u00e5knings allra st\u00f6rsta. Johan Olsson, numera expert p\u00e5 Viaplay, drar p\u00e5 en kamerav\u00e4ska p\u00e5 v\u00e4g mot hotellet efter att s\u00e4ndningen avslutats.\u00a0<\/p>\n<p>Undrar f\u00f6rresten hur gammal han var n\u00e4r han steg upp p\u00e5 en pall i v\u00e4rldscupen f\u00f6r f\u00f6rsta g\u00e5ngen?<\/p>\n<p>\u2013 28 \u00e5r, svarar Johan Olsson.<\/p>\n<p>Alvar Myhlback \u00e4r allts\u00e5 nio \u00e5r snabbare. Men inte nog med det, statistikgeniet J\u00f6rn Sundby p\u00e5 norska Viaplay har r\u00e4knat fram att Myhlback faktiskt \u00e4r den yngste herr\u00e5karen p\u00e5 pallen i v\u00e4rldscupen genom alla tider. \u00a0<\/p>\n<p>Yngsta herr\u00e5kare p\u00e5 pallen i v\u00e4rldscupen<\/p>\n<p>1. Alvar Myhlback, Sverige, 19 \u00e5r och 258 dagar (Trondheim, 2025)<\/p>\n<p>2. Vladimir Smirnov, Sovjet, 20 \u00e5r och 16 dagar (Murmansk, 1984)<\/p>\n<p>3. Johannes H Kl\u00e4bo, Norge, 20 \u00e5r och 35 dagar (Ruka, 2016)<\/p>\n<p>4. Petter Northug, Norge, 20 \u00e5r och 61 dagar \u00a0(Falun, 2006)<\/p>\n<p>5. Richard Jouv\u00e9, Frankrike 20 \u00e5r och 133 dagar (Lahti, 2015)<\/p>\n<p>6. Federico Pellegrino, Italien, 20 \u00e5r 136 dagar (Liberec, 2011)<\/p>\n<p>Visa mer<\/p>\n<p>Det s\u00e4ger en del om vad vi fick uppleva den h\u00e4r dagen uppe p\u00e5 Gran\u00e5sens skidstadion.<\/p>\n<blockquote><p>Dags f\u00f6r ett par nya namn<\/p><\/blockquote>\n<p><strong>Det s\u00e4ger \u00e4nnu mer om vad som m\u00e5ste h\u00e4nda om en dryg vecka.<\/strong><\/p>\n<p>F\u00f6r s\u00e5 h\u00e4r \u00e4r det:<\/p>\n<p>Direkt efter n\u00e4sta helgs v\u00e4rldscupt\u00e4vlingar i Davos s\u00e4tter sig herrtr\u00e4narna Anders H\u00f6gberg, Lars Ljung och landslagschefen Anders Bystr\u00f6m ner f\u00f6r ett viktigt m\u00f6te.<\/p>\n<p>P\u00e5 agendan: ta ut n\u00e4sta g\u00e4ng herr\u00e5kare som ska f\u00e5 kvittera ut sin biljett till OS i Italien.<\/p>\n<p>Sedan tidigare \u00e4r Edvin Anger och William Poromaa uttagna. Nu \u00e4r det dags f\u00f6r ett par nya namn.<\/p>\n<p>\u2013 Jag vet inte hur m\u00e5nga det blir. Men vi vill ju egentligen ha s\u00e5 m\u00e5nga klara s\u00e5 tidigt som m\u00f6jligt, s\u00e4ger Anders H\u00f6gberg.<\/p>\n<p><strong>Vad kr\u00e4vs f\u00f6r att bli uttagen nu?<\/strong><\/p>\n<p>\u2013 Tja, vi tittar ju p\u00e5 om det \u00e4r n\u00e5gra prestationer som stuckit ut sedan s\u00e4songsstarten.<\/p>\n<p>Jamen l\u00e5t oss se d\u00e5!<\/p>\n<p>Vad s\u00e4gs om en nionde plats (och b\u00e4ste svensk) i sprinten i Ruka f\u00f6rra helgen? Och vad s\u00e4gs om en tredje plats (och b\u00e4ste svensk) i sprinten i Trondheim i dag?<\/p>\n<p>B\u00e5da t\u00e4vlingarna dessutom i den klassiska stil som OS-sprinten avg\u00f6rs i p\u00e5 stadion i Val di Fiemme.\u00a0<\/p>\n<p>Annons<\/p>\n<blockquote><p>F\u00e5r han det erbjudandet redan nu?<\/p><\/blockquote>\n<p><strong>Kort sagt; Inga prestationer sticker ut mer p\u00e5 herrsidan \u00e4n de som denne Alvar Myhlback levererat tv\u00e5 veckor i rad.<\/strong><\/p>\n<p>D\u00e4rf\u00f6r ska det vara en no-brainer att ringa upp Alvar Myhlback efter det d\u00e4r m\u00f6tet och erbjuda honom en plats i OS-truppen.<\/p>\n<p>Och ja, jag \u00e4r \u00f6vertygad om att han i s\u00e5 fall kommer att tacka ja.<\/p>\n<p>Men f\u00e5r han erbjudandet redan nu?<\/p>\n<p>Oklart.<\/p>\n<p>Efter att ha upplevt hur landslagsledningen behandlade Alvar Myhlback s\u00e5 sent f\u00f6rra vintern \u00e4r jag inte l\u00e4ngre s\u00e4ker p\u00e5 n\u00e5got l\u00e4ngre. Det var d\u00e5 man tog beslutet att peta v\u00e4rldens b\u00e4sta junior fr\u00e5n JVM \u2013 f\u00f6r att han inte st\u00e4llt upp i en nationell juniort\u00e4vling.<\/p>\n<p>Att han 1) \u00e5kt v\u00e4rldscupen, 2) etablerat sig som en av v\u00e4rldens b\u00e4sta l\u00e5nglopps\u00e5kare spelade ingen roll i sammanhanget.<\/p>\n<p>Det var f\u00f6rst\u00e5s ett rent pinsamt beslut. En ren misshandel av den st\u00f6rsta talang svensk l\u00e4ngd\u00e5kning n\u00e5gonsin sett p\u00e5 herrsidan.<\/p>\n<blockquote><p>Det \u00e4r ni skyldiga honom<\/p><\/blockquote>\n<p>D\u00e4r har ni ocks\u00e5 en av bitarna i pusslet till att Myhlback inf\u00f6r den h\u00e4r s\u00e4songen varit milt sagt skeptisk till traditionell \u00e5kning och OS.\u00a0<\/p>\n<p>Men landslagsledningen har lite tur.<\/p>\n<p>Alvar Myhlback har inte bara \u00e5kt bra i Ruka &amp; Trondheim. Han har dessutom haft uppenbart skitkul med sina nya polare i landslaget. Och \u00f6ppnat upp f\u00f6r b\u00e5de mer v\u00e4rldscup och OS om det g\u00e5r att kombinera med Ski Classics.<\/p>\n<p>S\u00e5 ta chansen nu, landslaget. Visa att den h\u00e4r g\u00e5ngen tror ni fullt ut p\u00e5 fenomenet fr\u00e5n Bjurs\u00e5s. Ge honom en OS-biljett redan n\u00e4sta vecka.<\/p>\n<p><strong>Det \u00e4r ni faktiskt skyldiga Alvar Myhlback.\u00a0<\/strong><\/p>\n","protected":false},"excerpt":{"rendered":"Tomas Pettersson Publicerad 5 dec 2025 kl 20.52Uppdaterad kl 21.51 Det finns inget mer att bevisa. Inga mer&hellip;\n","protected":false},"author":2,"featured_media":98325,"comment_status":"","ping_status":"","sticky":false,"template":"","format":"standard","meta":{"footnotes":""},"categories":[5],"tags":[22,23,26,27,17,21,24,25,28,29,15,16,8766,18,34,305,5751,31,33,32,30,19,20],"class_list":{"0":"post-98324","1":"post","2":"type-post","3":"status-publish","4":"format-standard","5":"has-post-thumbnail","7":"category-rubriker","8":"tag-breaking-news","9":"tag-breakingnews","10":"tag-featured-news","11":"tag-featurednews","12":"tag-headlines","13":"tag-huvudnyheter","14":"tag-latest-news","15":"tag-latestnews","16":"tag-main-news","17":"tag-mainnews","18":"tag-news","19":"tag-nyheter","20":"tag-person-alvar-myhlback","21":"tag-rubriker","22":"tag-se","23":"tag-sections-kronikorer","24":"tag-sections-tomaspettersson","25":"tag-svenska","26":"tag-sverige","27":"tag-sweden","28":"tag-swedish","29":"tag-top-stories","30":"tag-topstories"},"share_on_mastodon":{"url":"https:\/\/pubeurope.com\/@se\/115669637772537165","error":""},"_links":{"self":[{"href":"https:\/\/www.europesays.com\/se\/wp-json\/wp\/v2\/posts\/98324","targetHints":{"allow":["GET"]}}],"collection":[{"href":"https:\/\/www.europesays.com\/se\/wp-json\/wp\/v2\/posts"}],"about":[{"href":"https:\/\/www.europesays.com\/se\/wp-json\/wp\/v2\/types\/post"}],"author":[{"embeddable":true,"href":"https:\/\/www.europesays.com\/se\/wp-json\/wp\/v2\/users\/2"}],"replies":[{"embeddable":true,"href":"https:\/\/www.europesays.com\/se\/wp-json\/wp\/v2\/comments?post=98324"}],"version-history":[{"count":0,"href":"https:\/\/www.europesays.com\/se\/wp-json\/wp\/v2\/posts\/98324\/revisions"}],"wp:featuredmedia":[{"embeddable":true,"href":"https:\/\/www.europesays.com\/se\/wp-json\/wp\/v2\/media\/98325"}],"wp:attachment":[{"href":"https:\/\/www.europesays.com\/se\/wp-json\/wp\/v2\/media?parent=98324"}],"wp:term":[{"taxonomy":"category","embeddable":true,"href":"https:\/\/www.europesays.com\/se\/wp-json\/wp\/v2\/categories?post=98324"},{"taxonomy":"post_tag","embeddable":true,"href":"https:\/\/www.europesays.com\/se\/wp-json\/wp\/v2\/tags?post=98324"}],"curies":[{"name":"wp","href":"https:\/\/api.w.org\/{rel}","templated":true}]}}