{"id":98380,"date":"2025-12-06T05:23:09","date_gmt":"2025-12-06T05:23:09","guid":{"rendered":"https:\/\/www.europesays.com\/se\/98380\/"},"modified":"2025-12-06T05:23:09","modified_gmt":"2025-12-06T05:23:09","slug":"alkoholrelaterade-olyckor-vanligast-for-personer-over-40","status":"publish","type":"post","link":"https:\/\/www.europesays.com\/se\/98380\/","title":{"rendered":"Alkoholrelaterade olyckor vanligast f\u00f6r personer \u00f6ver 40"},"content":{"rendered":"<p>Julbord, julfest, jul-aw och jullunch. S\u00e4songen med sill, prinskorv och Janssons frestelse i m\u00e4ngder \u00e4r h\u00e4r. Och kanske blir det \u00e4ven en snaps eller tv\u00e5 till maten. <\/p>\n<p>Det rapporteras \u00e5rligen om alkoholst\u00f6ket fr\u00e5n ungdomar i juletider, fr\u00e4mst den 25 december under den s\u00e5 kallade \u201dhemv\u00e4ndarkv\u00e4llen\u201d. Men nu har den danska folkh\u00e4lsomyndigheten unders\u00f6kt vilken \u00e5ldersgrupp som faktiskt orsakar flest alkoholrelaterade ambulansutryckningar. Och d\u00e4r \u00e4r det inte ungdomarna som \u00e4r boven \u2013 utan de \u00f6ver 40, <a href=\"https:\/\/www.dr.dk\/nyheder\/indland\/din-julefrokost-kan-ende-i-en-ambulance-isaer-hvis-du-er-over-40-aar\" target=\"_blank\" rel=\"noopener noreferrer nofollow\">rapporterar DR. <\/a><\/p>\n","protected":false},"excerpt":{"rendered":"Julbord, julfest, jul-aw och jullunch. S\u00e4songen med sill, prinskorv och Janssons frestelse i m\u00e4ngder \u00e4r h\u00e4r. Och kanske&hellip;\n","protected":false},"author":2,"featured_media":98381,"comment_status":"","ping_status":"","sticky":false,"template":"","format":"standard","meta":{"footnotes":""},"categories":[66],"tags":[80,78,79,34,31,33,32,30,81,84,83,82],"class_list":{"0":"post-98380","1":"post","2":"type-post","3":"status-publish","4":"format-standard","5":"has-post-thumbnail","7":"category-vetenskap-och-teknik","8":"tag-science","9":"tag-science-and-technology","10":"tag-scienceandtechnology","11":"tag-se","12":"tag-svenska","13":"tag-sverige","14":"tag-sweden","15":"tag-swedish","16":"tag-technology","17":"tag-teknik","18":"tag-vetenskap","19":"tag-vetenskapteknik"},"share_on_mastodon":{"url":"https:\/\/pubeurope.com\/@se\/115670955002718540","error":""},"_links":{"self":[{"href":"https:\/\/www.europesays.com\/se\/wp-json\/wp\/v2\/posts\/98380","targetHints":{"allow":["GET"]}}],"collection":[{"href":"https:\/\/www.europesays.com\/se\/wp-json\/wp\/v2\/posts"}],"about":[{"href":"https:\/\/www.europesays.com\/se\/wp-json\/wp\/v2\/types\/post"}],"author":[{"embeddable":true,"href":"https:\/\/www.europesays.com\/se\/wp-json\/wp\/v2\/users\/2"}],"replies":[{"embeddable":true,"href":"https:\/\/www.europesays.com\/se\/wp-json\/wp\/v2\/comments?post=98380"}],"version-history":[{"count":0,"href":"https:\/\/www.europesays.com\/se\/wp-json\/wp\/v2\/posts\/98380\/revisions"}],"wp:featuredmedia":[{"embeddable":true,"href":"https:\/\/www.europesays.com\/se\/wp-json\/wp\/v2\/media\/98381"}],"wp:attachment":[{"href":"https:\/\/www.europesays.com\/se\/wp-json\/wp\/v2\/media?parent=98380"}],"wp:term":[{"taxonomy":"category","embeddable":true,"href":"https:\/\/www.europesays.com\/se\/wp-json\/wp\/v2\/categories?post=98380"},{"taxonomy":"post_tag","embeddable":true,"href":"https:\/\/www.europesays.com\/se\/wp-json\/wp\/v2\/tags?post=98380"}],"curies":[{"name":"wp","href":"https:\/\/api.w.org\/{rel}","templated":true}]}}