{"id":98420,"date":"2025-12-06T06:30:08","date_gmt":"2025-12-06T06:30:08","guid":{"rendered":"https:\/\/www.europesays.com\/se\/98420\/"},"modified":"2025-12-06T06:30:08","modified_gmt":"2025-12-06T06:30:08","slug":"beskjutna-baten-var-inte-pa-vag-mot-usa","status":"publish","type":"post","link":"https:\/\/www.europesays.com\/se\/98420\/","title":{"rendered":"Beskjutna b\u00e5ten var inte p\u00e5 v\u00e4g mot USA"},"content":{"rendered":"<p>Den p\u00e5st\u00e5dda \u201dknarkb\u00e5t\u201d som utsattes f\u00f6r en dubbelattack i Karibien den 2 september var inte p\u00e5 v\u00e4g mot USA, utan skulle m\u00f6ta upp ett annat st\u00f6rre fartyg p\u00e5 v\u00e4g mot Surinam. Det ska amiral Frank Bradley ha ber\u00e4ttat i f\u00f6rh\u00f6r, uppger tv\u00e5 k\u00e4llor f\u00f6r CNN.<\/p>\n<p>Enligt k\u00e4llorna, som har insyn i Bradleys kongressf\u00f6rh\u00f6r, var b\u00e5ten p\u00e5 v\u00e4g f\u00f6r att lasta \u00f6ver narkotika till det st\u00f6rre fartyget n\u00e4r den attackerades. Den amerikanska milit\u00e4ren ska dock inte ha lyckats lokalisera det st\u00f6rre fartyget.<\/p>\n<p>Vita huset har motiverat attackerna mot p\u00e5st\u00e5dda narkotikasmugglare i Karibien och Stilla havet med att de \u00e4r p\u00e5 v\u00e4g mot USA \u2013 och d\u00e4rf\u00f6r utg\u00f6r ett hot mot amerikanska medborgare. <\/p>\n<p>Enligt k\u00e4llorna ska Bradley ha sagt att det fortfarande fanns en m\u00f6jlighet att den p\u00e5st\u00e5dda narkotikalasten till slut skulle n\u00e5 USA, och att en attack mot den mindre b\u00e5ten d\u00e4rf\u00f6r var motiverad.<\/p>\n<p>Omni \u00e4r politiskt obundna och oberoende. Vi str\u00e4var efter att ge fler perspektiv p\u00e5 nyheterna. Har du fr\u00e5gor eller synpunkter kring v\u00e5r rapportering? <a href=\"https:\/\/omni.se\/kallor-beskjutna-baten-var-inte-pa-vag-mot-usa\/a\/mailto:redaktion@omni.se\" class=\"ArticleActions_contactLink__W2F1M\" rel=\"nofollow noopener\" target=\"_blank\">Kontakta redaktionen<\/a><\/p>\n","protected":false},"excerpt":{"rendered":"Den p\u00e5st\u00e5dda \u201dknarkb\u00e5t\u201d som utsattes f\u00f6r en dubbelattack i Karibien den 2 september var inte p\u00e5 v\u00e4g mot&hellip;\n","protected":false},"author":2,"featured_media":98421,"comment_status":"","ping_status":"","sticky":false,"template":"","format":"standard","meta":{"footnotes":""},"categories":[14],"tags":[387,22,23,1149,26,27,17,21,24,25,708,28,29,15,268,16,18,34,11446,31,33,32,30,19,20,74,51,52,53,54],"class_list":{"0":"post-98420","1":"post","2":"type-post","3":"status-publish","4":"format-standard","5":"has-post-thumbnail","7":"category-varlden","8":"tag-amerikansk-politik","9":"tag-breaking-news","10":"tag-breakingnews","11":"tag-faktaruta-omni","12":"tag-featured-news","13":"tag-featurednews","14":"tag-headlines","15":"tag-huvudnyheter","16":"tag-latest-news","17":"tag-latestnews","18":"tag-latinamerika","19":"tag-main-news","20":"tag-mainnews","21":"tag-news","22":"tag-nordamerika","23":"tag-nyheter","24":"tag-rubriker","25":"tag-se","26":"tag-surinam","27":"tag-svenska","28":"tag-sverige","29":"tag-sweden","30":"tag-swedish","31":"tag-top-stories","32":"tag-topstories","33":"tag-usa","34":"tag-varlden","35":"tag-world","36":"tag-world-news","37":"tag-worldnews"},"share_on_mastodon":{"url":"https:\/\/pubeurope.com\/@se\/115671218484806669","error":""},"_links":{"self":[{"href":"https:\/\/www.europesays.com\/se\/wp-json\/wp\/v2\/posts\/98420","targetHints":{"allow":["GET"]}}],"collection":[{"href":"https:\/\/www.europesays.com\/se\/wp-json\/wp\/v2\/posts"}],"about":[{"href":"https:\/\/www.europesays.com\/se\/wp-json\/wp\/v2\/types\/post"}],"author":[{"embeddable":true,"href":"https:\/\/www.europesays.com\/se\/wp-json\/wp\/v2\/users\/2"}],"replies":[{"embeddable":true,"href":"https:\/\/www.europesays.com\/se\/wp-json\/wp\/v2\/comments?post=98420"}],"version-history":[{"count":0,"href":"https:\/\/www.europesays.com\/se\/wp-json\/wp\/v2\/posts\/98420\/revisions"}],"wp:featuredmedia":[{"embeddable":true,"href":"https:\/\/www.europesays.com\/se\/wp-json\/wp\/v2\/media\/98421"}],"wp:attachment":[{"href":"https:\/\/www.europesays.com\/se\/wp-json\/wp\/v2\/media?parent=98420"}],"wp:term":[{"taxonomy":"category","embeddable":true,"href":"https:\/\/www.europesays.com\/se\/wp-json\/wp\/v2\/categories?post=98420"},{"taxonomy":"post_tag","embeddable":true,"href":"https:\/\/www.europesays.com\/se\/wp-json\/wp\/v2\/tags?post=98420"}],"curies":[{"name":"wp","href":"https:\/\/api.w.org\/{rel}","templated":true}]}}