{"id":98500,"date":"2025-12-06T09:40:09","date_gmt":"2025-12-06T09:40:09","guid":{"rendered":"https:\/\/www.europesays.com\/se\/98500\/"},"modified":"2025-12-06T09:40:09","modified_gmt":"2025-12-06T09:40:09","slug":"socialdemokraterna-vill-inga-i-tioarspakt-med-moderaterna","status":"publish","type":"post","link":"https:\/\/www.europesays.com\/se\/98500\/","title":{"rendered":"Socialdemokraterna vill ing\u00e5 i tio\u00e5rspakt med Moderaterna"},"content":{"rendered":"<p>Publicerad 6 dec 2025 kl 10.24Uppdaterad kl 10.29<\/p>\n<p>Magdalena Andersson vill bilda en tio\u00e5rspakt med Moderaterna \u2013 mot g\u00e4ngen.<\/p>\n<p>Det s\u00e4ger hon p\u00e5 en presstr\u00e4ff.<\/p>\n<p>\u2013 Den h\u00e4r regeringen har gjort m\u00e5nga bra saker.<\/p>\n<p><img   alt=\"\"\/> <\/p>\n<p>Foto: Oscar Olsson\/TT \/ TT NYHETSBYR\u00c5N \/ TT NYHETSBYRAN<\/p>\n<p>\u00d6ppna bild i helsk\u00e4rm<img loading=\"lazy\"   alt=\"\"\/> <\/p>\n<p>Foto: Socialdemokraterna<\/p>\n<p>\u00d6ppna bild i helsk\u00e4rm<img loading=\"lazy\"   alt=\"\"\/> <\/p>\n<p>Foto: LISA MATTISSON<\/p>\n<p>\u00d6ppna bild i helsk\u00e4rm<img loading=\"lazy\"   alt=\"\"\/>\u00d6ppna bild i helsk\u00e4rm<\/p>\n<p>S-ledaren Magdalena Andersson vill ing\u00e5 en tio\u00e5rspakt med mitten i svensk politik, med Moderaterna, mot g\u00e4ngbrottsligheten.<\/p>\n<p>\u2013 H\u00e4r har Danmark visat att det g\u00e5r.<\/p>\n<p>Det s\u00e4ger hon p\u00e5 en presstr\u00e4ff p\u00e5 l\u00f6rdagen inf\u00f6r att hon h\u00e5ller sitt jultal i K\u00e4rrtorp i s\u00f6dra Stockholm.<\/p>\n<p>Det beh\u00f6vs en block\u00f6verskridande \u00f6verenskommelse f\u00f6r en \u201dl\u00e5ngsiktig reformagenda\u201d, f\u00f6r att bland annat stoppa nyrekryteringen, enligt Andersson som nu t\u00e4nker bjuda in Moderatledaren Ulf Kristersson till s\u00e5dana samtal.<\/p>\n<p>\u2013 Det \u00e4r en kurs som beh\u00f6ver ligga fast \u00f6ver tid, men ocks\u00e5 \u00f6ver olika majoriteter, s\u00e4ger Magdalena Andersson.<\/p>\n<p>\u201dBeh\u00f6ver en annan ansats\u201d<\/p>\n<p>S-ledaren menar att kampen mot g\u00e4ngen beh\u00f6ver en \u201dryggrad\u201d best\u00e5ende av <a href=\"https:\/\/www.expressen.se\/tagg\/organization\/socialdemokraterna\/\" class=\"\" rel=\"nofollow noopener\" target=\"_blank\">Socialdemokraterna<\/a> och Moderaterna, likt hur f\u00f6rsvarspolitiken fungerar.<\/p>\n<p>\u2013 Vi beh\u00f6ver en annan ansats f\u00f6r att kunna l\u00f6sa det h\u00e4r p\u00e5 riktigt, s\u00e4ger Andersson.<\/p>\n<p>\u2013 Den h\u00e4r regeringen har gjort m\u00e5nga bra saker, m\u00e5nga straffsk\u00e4rpningar som vi b\u00f6rjade med och som man har tagit vidare, omfattande nyanst\u00e4llningar hos polisen och satsningar p\u00e5 att bygga ut r\u00e4ttskedjan \u2013 det \u00e4r bra, s\u00e4ger Magdalena Andersson.<\/p>\n<p>Magdalena Andersson vill inte utesluta n\u00e5gra partier fr\u00e5n att vara med i tio\u00e5rspakten.<\/p>\n<p>\u2013 Det \u00e4r viktigt f\u00f6r att skapa den h\u00e4r l\u00e5ngsiktiga stabiliteten, s\u00e4ger Teresa Carvalho, som ocks\u00e5 medverkar p\u00e5 presstr\u00e4ffen.<\/p>\n","protected":false},"excerpt":{"rendered":"Publicerad 6 dec 2025 kl 10.24Uppdaterad kl 10.29 Magdalena Andersson vill bilda en tio\u00e5rspakt med Moderaterna \u2013 mot&hellip;\n","protected":false},"author":2,"featured_media":98501,"comment_status":"","ping_status":"","sticky":false,"template":"","format":"standard","meta":{"footnotes":""},"categories":[12],"tags":[22,23,26,27,17,21,24,25,28,29,15,16,42,1458,18,34,583,31,33,32,30,19,20],"class_list":{"0":"post-98500","1":"post","2":"type-post","3":"status-publish","4":"format-standard","5":"has-post-thumbnail","7":"category-sverige","8":"tag-breaking-news","9":"tag-breakingnews","10":"tag-featured-news","11":"tag-featurednews","12":"tag-headlines","13":"tag-huvudnyheter","14":"tag-latest-news","15":"tag-latestnews","16":"tag-main-news","17":"tag-mainnews","18":"tag-news","19":"tag-nyheter","20":"tag-organization-moderaterna","21":"tag-organization-socialdemokraterna","22":"tag-rubriker","23":"tag-se","24":"tag-sections-politik","25":"tag-svenska","26":"tag-sverige","27":"tag-sweden","28":"tag-swedish","29":"tag-top-stories","30":"tag-topstories"},"share_on_mastodon":{"url":"https:\/\/pubeurope.com\/@se\/115671965474918321","error":""},"_links":{"self":[{"href":"https:\/\/www.europesays.com\/se\/wp-json\/wp\/v2\/posts\/98500","targetHints":{"allow":["GET"]}}],"collection":[{"href":"https:\/\/www.europesays.com\/se\/wp-json\/wp\/v2\/posts"}],"about":[{"href":"https:\/\/www.europesays.com\/se\/wp-json\/wp\/v2\/types\/post"}],"author":[{"embeddable":true,"href":"https:\/\/www.europesays.com\/se\/wp-json\/wp\/v2\/users\/2"}],"replies":[{"embeddable":true,"href":"https:\/\/www.europesays.com\/se\/wp-json\/wp\/v2\/comments?post=98500"}],"version-history":[{"count":0,"href":"https:\/\/www.europesays.com\/se\/wp-json\/wp\/v2\/posts\/98500\/revisions"}],"wp:featuredmedia":[{"embeddable":true,"href":"https:\/\/www.europesays.com\/se\/wp-json\/wp\/v2\/media\/98501"}],"wp:attachment":[{"href":"https:\/\/www.europesays.com\/se\/wp-json\/wp\/v2\/media?parent=98500"}],"wp:term":[{"taxonomy":"category","embeddable":true,"href":"https:\/\/www.europesays.com\/se\/wp-json\/wp\/v2\/categories?post=98500"},{"taxonomy":"post_tag","embeddable":true,"href":"https:\/\/www.europesays.com\/se\/wp-json\/wp\/v2\/tags?post=98500"}],"curies":[{"name":"wp","href":"https:\/\/api.w.org\/{rel}","templated":true}]}}