{"id":98584,"date":"2025-12-06T11:51:11","date_gmt":"2025-12-06T11:51:11","guid":{"rendered":"https:\/\/www.europesays.com\/se\/98584\/"},"modified":"2025-12-06T11:51:11","modified_gmt":"2025-12-06T11:51:11","slug":"socialdemokraterna-vill-se-en-tioarspakt-for-att-knacka-gangkriminaliteten-socialdemokraterna","status":"publish","type":"post","link":"https:\/\/www.europesays.com\/se\/98584\/","title":{"rendered":"Socialdemokraterna vill se en tio\u00e5rspakt f\u00f6r att kn\u00e4cka g\u00e4ngkriminaliteten\n| Socialdemokraterna"},"content":{"rendered":"<p class=\"normal\">G\u00e4ngkriminaliteten forts\u00e4tter att kasta en m\u00f6rk skugga \u00f6ver Sverige. Brottsligheten kryper n\u00e4rmre. Vanliga familjer drabbas av skjutningar och spr\u00e4ngningar, och rekordm\u00e5nga barn under femton \u00e5r misst\u00e4nks i dag f\u00f6r mordplaner. Trots flera f\u00f6rs\u00f6k har ingen regering lyckats v\u00e4nda utvecklingen. L\u00e4get \u00e4r s\u00e5 allvarligt att det kr\u00e4ver samling i centrum av svensk politik.<\/p>\n<p class=\"normal\">\u2013 Sverige beh\u00f6ver en l\u00e5ngsiktig och offensiv plan som h\u00e5ller \u00f6ver flera mandatperioder. En tio\u00e5rspakt f\u00f6r att kn\u00e4cka den organiserade brottsligheten och bryta nyrekryteringen. Vi m\u00e5ste orka l\u00e4gga prestigen \u00e5t sidan och g\u00f6ra det som kr\u00e4vs f\u00f6r att skydda v\u00e5ra barn och \u00e5teruppr\u00e4tta tryggheten, s\u00e4ger Magdalena Andersson.<\/p>\n<p class=\"normal\">Socialdemokraterna f\u00f6resl\u00e5r d\u00e4rf\u00f6r en tio\u00e5rspakt med Moderaterna. En pakt som inneb\u00e4r att de tv\u00e5 st\u00f6rsta partierna tillsammans tar ansvar f\u00f6r en stabil och l\u00e5ngsiktig riktning i kampen mot g\u00e4ngkriminaliteten som h\u00e5ller \u00f6ver mandatperioder \u2013 b\u00e5de genom skarpare brottsbek\u00e4mpande \u00e5tg\u00e4rder och kraftigt f\u00f6rst\u00e4rkta insatser f\u00f6r att bryta nyrekryteringen. Det kr\u00e4vs p\u00e5 det nationella planet, men ocks\u00e5 p\u00e5 kommunal niv\u00e5, d\u00e4r majoriteter ocks\u00e5 ser olika ut runtom i landet och skiftar \u00f6ver tid.<\/p>\n<p>Socialdemokraterna pekar s\u00e4rskilt p\u00e5 tv\u00e5 omr\u00e5den d\u00e4r det kr\u00e4vs tydliga besked:<\/p>\n<ol class=\" env-text-list normal\">\n<li>Ett st\u00f6rre och mer fokuserat kriminalpolitiskt tryck mot g\u00e4ngen och den organiserade brottsligheten.<\/li>\n<li>Betydligt st\u00f6rre satsningar f\u00f6r att bryta nyrekryteringen av unga till g\u00e4ngen.<\/li>\n<\/ol>\n<p class=\"normal\">\u2013 Utvecklingen har inte v\u00e4nt, skjutningarna och spr\u00e4ngningarna forts\u00e4tter och allt fler barn rekryteras in i g\u00e4ngens vidriga verksamhet. Det kr\u00e4vs ett helt nytt angreppss\u00e4tt som h\u00e5ller \u00f6ver tid d\u00e4r vi b\u00e5de forts\u00e4tter att sk\u00e4rpa straffen och st\u00e4rka polisen samtidigt som mer g\u00f6rs f\u00f6r att bryta nyrekryteringen. Sverige beh\u00f6ver en tio\u00e5rspakt som s\u00e4krar l\u00e5ngsiktighet och stabilitet \u00f6ver tid, s\u00e4ger Teresa Carvalho, r\u00e4ttspolitisk talesperson.<\/p>\n<p class=\"normal\">Socialdemokraterna har en l\u00e5ng rad konkreta reformer som \u00e4r redo att f\u00f6rhandlas med Moderaterna, bland annat inf\u00f6randet av en svensk maffialag, nya begr\u00e4nsnings\u00e5tg\u00e4rder f\u00f6r identifierade g\u00e4ngmedlemmar och omfattande investeringar i det brottsf\u00f6rebyggande arbetet.<\/p>\n<p class=\"normal\">\u2013 Det h\u00e4r \u00e4r ett seri\u00f6st erbjudande f\u00f6r Sveriges b\u00e4sta, f\u00f6r att v\u00e5ra barn ska kunna v\u00e4xa upp i trygga bostadsomr\u00e5den. D\u00e5 m\u00e5ste vi i mitten av svensk politik klara av att enas om ett mer fokuserat arbete som h\u00e5ller \u00f6ver mandatperioder. Det \u00e4r dags att st\u00e5 upp f\u00f6r Sverige, s\u00e4ger Magdalena Andersson.<\/p>\n<p>Se presstr\u00e4ffen:<\/p>\n","protected":false},"excerpt":{"rendered":"G\u00e4ngkriminaliteten forts\u00e4tter att kasta en m\u00f6rk skugga \u00f6ver Sverige. Brottsligheten kryper n\u00e4rmre. Vanliga familjer drabbas av skjutningar och&hellip;\n","protected":false},"author":2,"featured_media":98585,"comment_status":"","ping_status":"","sticky":false,"template":"","format":"standard","meta":{"footnotes":""},"categories":[5],"tags":[22,23,26,27,17,21,24,25,28,29,15,16,18,34,31,33,32,30,19,20],"class_list":{"0":"post-98584","1":"post","2":"type-post","3":"status-publish","4":"format-standard","5":"has-post-thumbnail","7":"category-rubriker","8":"tag-breaking-news","9":"tag-breakingnews","10":"tag-featured-news","11":"tag-featurednews","12":"tag-headlines","13":"tag-huvudnyheter","14":"tag-latest-news","15":"tag-latestnews","16":"tag-main-news","17":"tag-mainnews","18":"tag-news","19":"tag-nyheter","20":"tag-rubriker","21":"tag-se","22":"tag-svenska","23":"tag-sverige","24":"tag-sweden","25":"tag-swedish","26":"tag-top-stories","27":"tag-topstories"},"share_on_mastodon":{"url":"https:\/\/pubeurope.com\/@se\/115672480684474125","error":""},"_links":{"self":[{"href":"https:\/\/www.europesays.com\/se\/wp-json\/wp\/v2\/posts\/98584","targetHints":{"allow":["GET"]}}],"collection":[{"href":"https:\/\/www.europesays.com\/se\/wp-json\/wp\/v2\/posts"}],"about":[{"href":"https:\/\/www.europesays.com\/se\/wp-json\/wp\/v2\/types\/post"}],"author":[{"embeddable":true,"href":"https:\/\/www.europesays.com\/se\/wp-json\/wp\/v2\/users\/2"}],"replies":[{"embeddable":true,"href":"https:\/\/www.europesays.com\/se\/wp-json\/wp\/v2\/comments?post=98584"}],"version-history":[{"count":0,"href":"https:\/\/www.europesays.com\/se\/wp-json\/wp\/v2\/posts\/98584\/revisions"}],"wp:featuredmedia":[{"embeddable":true,"href":"https:\/\/www.europesays.com\/se\/wp-json\/wp\/v2\/media\/98585"}],"wp:attachment":[{"href":"https:\/\/www.europesays.com\/se\/wp-json\/wp\/v2\/media?parent=98584"}],"wp:term":[{"taxonomy":"category","embeddable":true,"href":"https:\/\/www.europesays.com\/se\/wp-json\/wp\/v2\/categories?post=98584"},{"taxonomy":"post_tag","embeddable":true,"href":"https:\/\/www.europesays.com\/se\/wp-json\/wp\/v2\/tags?post=98584"}],"curies":[{"name":"wp","href":"https:\/\/api.w.org\/{rel}","templated":true}]}}